{"id":1250614,"date":"2023-02-03T21:35:55","date_gmt":"2023-02-04T03:35:55","guid":{"rendered":"https:\/\/www.acapulcopress.com\/?p=1250614"},"modified":"2023-02-03T21:35:55","modified_gmt":"2023-02-04T03:35:55","slug":"seg-ampliara-cobertura-educativa-para-beneficiar-a-mas-ninos-guerrerense-s","status":"publish","type":"post","link":"https:\/\/www.acapulcopress.com\/index.php\/2023\/02\/03\/seg-ampliara-cobertura-educativa-para-beneficiar-a-mas-ninos-guerrerense-s\/","title":{"rendered":"SEG ampliar\u00e1 cobertura educativa para beneficiar a m\u00e1s ni\u00f1os guerrerenses"},"content":{"rendered":"<p style=\"text-align: justify;\">CHILPANCINGO * 3 de febrero de 2023.<br \/>\n<em>) Gobierno de Guerrero<\/em><br \/>\nLa Secretar\u00eda de Educaci\u00f3n Guerrero inici\u00f3 los Foros de difusi\u00f3n de Pol\u00edtica Nacional de <img loading=\"lazy\" decoding=\"async\" class=\"alignleft size-medium wp-image-1250618\" src=\"https:\/\/www.acapulcopress.com\/wp-content\/uploads\/2023\/02\/SEG4-375x211.jpg\" alt=\"\" width=\"375\" height=\"211\" \/>Educaci\u00f3n Inicial a los agentes educativos de esta ciudad, lo anterior con el objetivo de ampliar la cobertura de educaci\u00f3n inicial con equidad, mejorar la calidad de los servicios y promover pr\u00e1cticas de crianza adecuadas en este nivel educativo; los foros se replicar\u00e1n en Acapulco, Iguala y Tlapa los d\u00edas siete, nueve y trece de febrero.<\/p>\n<p style=\"text-align: justify;\">El coordinador del Programa de Expansi\u00f3n en Educaci\u00f3n Inicial Jossuki Antonio Galeana Gallardo, resalt\u00f3 en este primer foro realizado en Chilpancingo, que en Guerrero es urgente incrementar la cobertura de este nivel educativo, ya que actualmente solo 25 mil 139 de 197 mil 500 ni\u00f1os de 0 a 3 a\u00f1os reciben alg\u00fan tipo de instrucci\u00f3n para la primera infancia, <img loading=\"lazy\" decoding=\"async\" class=\"alignleft size-medium wp-image-1250615\" src=\"https:\/\/www.acapulcopress.com\/wp-content\/uploads\/2023\/02\/SEG-375x211.jpg\" alt=\"\" width=\"375\" height=\"211\" \/>lo que representa un rezago de atenci\u00f3n similar al promedio nacional que es de 88%.<\/p>\n<p style=\"text-align: justify;\">Se\u00f1al\u00f3 que anteriormente, la Educaci\u00f3n Inicial se conceb\u00eda como un lugar de cuidado en apoyo a las familias con padres y madres trabajadoras y no en las necesidades de ni\u00f1as y ni\u00f1os, lo que deriv\u00f3 en servicios educativos inequitativos.<\/p>\n<p style=\"text-align: justify;\">Por ello, enfatiz\u00f3 que ahora con la PNEI se busca promover y concientizar a las familias sobre el alcance de la educaci\u00f3n inicial y lograr la ampliaci\u00f3n de los servicios educativos de manera progresiva.<\/p>\n<p style=\"text-align: justify;\">Expuso que la ense\u00f1anza de los primeros h\u00e1bitos y el gran universo de aprendizajes en sus <img loading=\"lazy\" decoding=\"async\" class=\"alignleft size-medium wp-image-1250616\" src=\"https:\/\/www.acapulcopress.com\/wp-content\/uploads\/2023\/02\/SEG2-375x211.jpg\" alt=\"\" width=\"375\" height=\"211\" \/>familias y en las instituciones encargadas de la primera infancia, son indispensables para un \u00f3ptimo desarrollo.<\/p>\n<p style=\"text-align: justify;\">Por su parte, Arnoldo Mor\u00e1n Oseguera, director general de Educaci\u00f3n Inicial y Preescolar en la entidad, detall\u00f3 que quienes apuestan por la primera infancia conocen la importancia que tienen los primeros a\u00f1os de vida, por lo que es fundamental que como gobierno se les garantice a esos beb\u00e9s una vida plena, con est\u00edmulo, con cari\u00f1o, con amor y con educaci\u00f3n.<\/p>\n<p style=\"text-align: justify;\">En el foro participan agentes educativos de los Centros de Atenci\u00f3n Infantil (CAI), CENDIS, Educaci\u00f3n Inicial Ind\u00edgena, Centros Comunitarios de Atenci\u00f3n a la Primera Infancia (CCAPI) y promotores del Conafe.<\/p>\n<p style=\"text-align: justify;\"><em>) S\u00edguenos en Facebook | @<a href=\"https:\/\/www.facebook.com\/acapulcopress.news\" target=\"_blank\" rel=\"noopener\">AcapulcoPress<\/a><\/em><\/p>\n","protected":false},"excerpt":{"rendered":"<p>CHILPANCINGO * 3 de febrero de 2023. ) Gobierno de Guerrero La Secretar\u00eda de Educaci\u00f3n Guerrero inici\u00f3 los Foros de difusi\u00f3n de Pol\u00edtica Nacional de Educaci\u00f3n Inicial a los agentes educativos de esta ciudad, lo anterior con el objetivo de ampliar la cobertura de educaci\u00f3n inicial con equidad, mejorar la calidad de los servicios y&#8230;<\/p>\n","protected":false},"author":2,"featured_media":1250617,"comment_status":"closed","ping_status":"closed","sticky":false,"template":"","format":"standard","meta":{"footnotes":""},"categories":[18561,2081],"tags":[16362],"class_list":["post-1250614","post","type-post","status-publish","format-standard","has-post-thumbnail","hentry","category-society-politics","category-seg","tag-seg"],"_links":{"self":[{"href":"https:\/\/www.acapulcopress.com\/index.php\/wp-json\/wp\/v2\/posts\/1250614","targetHints":{"allow":["GET"]}}],"collection":[{"href":"https:\/\/www.acapulcopress.com\/index.php\/wp-json\/wp\/v2\/posts"}],"about":[{"href":"https:\/\/www.acapulcopress.com\/index.php\/wp-json\/wp\/v2\/types\/post"}],"author":[{"embeddable":true,"href":"https:\/\/www.acapulcopress.com\/index.php\/wp-json\/wp\/v2\/users\/2"}],"replies":[{"embeddable":true,"href":"https:\/\/www.acapulcopress.com\/index.php\/wp-json\/wp\/v2\/comments?post=1250614"}],"version-history":[{"count":0,"href":"https:\/\/www.acapulcopress.com\/index.php\/wp-json\/wp\/v2\/posts\/1250614\/revisions"}],"wp:featuredmedia":[{"embeddable":true,"href":"https:\/\/www.acapulcopress.com\/index.php\/wp-json\/"}],"wp:attachment":[{"href":"https:\/\/www.acapulcopress.com\/index.php\/wp-json\/wp\/v2\/media?parent=1250614"}],"wp:term":[{"taxonomy":"category","embeddable":true,"href":"https:\/\/www.acapulcopress.com\/index.php\/wp-json\/wp\/v2\/categories?post=1250614"},{"taxonomy":"post_tag","embeddable":true,"href":"https:\/\/www.acapulcopress.com\/index.php\/wp-json\/wp\/v2\/tags?post=1250614"}],"curies":[{"name":"wp","href":"https:\/\/api.w.org\/{rel}","templated":true}]}}