{"id":1250638,"date":"2023-02-07T18:03:04","date_gmt":"2023-02-08T00:03:04","guid":{"rendered":"https:\/\/www.acapulcopress.com\/?p=1250638"},"modified":"2023-02-07T18:03:04","modified_gmt":"2023-02-08T00:03:04","slug":"invita-congreso-a-periodistas-a-curso-taller-de-periodismo-parlamentario","status":"publish","type":"post","link":"https:\/\/www.acapulcopress.com\/index.php\/2023\/02\/07\/invita-congreso-a-periodistas-a-curso-taller-de-periodismo-parlamentario\/","title":{"rendered":"Invita Congreso a periodistas a curso taller de periodismo parlamentario"},"content":{"rendered":"<p style=\"text-align: justify;\">CHILPANCINGO * 7 de febrero de 2023.<br \/>\n<em>) Congreso de Guerrero<\/em><br \/>\nEl Congreso del Estado, a trav\u00e9s de la Direcci\u00f3n de Comunicaci\u00f3n y del Instituto de Estudios Parlamentarios Eduardo Neri, desarrollar\u00e1 un curso-taller de Periodismo Parlamentario para periodistas y fot\u00f3grafos que cubren la fuente legislativa y trabajadores de los medios de comunicaci\u00f3n en general.<\/p>\n<p style=\"text-align: justify;\">Dicha capacitaci\u00f3n estar\u00e1 a cargo de Pedro Alberto Rodr\u00edguez Dimayuga, director del Diario de los Debates del Congreso de Guerrero; Norberto Carrasco, jefe del programa televisivo Notilegis que se transmite por el Canal del Congreso de la Uni\u00f3n, y Julio Candelaria, jefe de Fotograf\u00eda de la C\u00e1mara de Diputados.<\/p>\n<p style=\"text-align: justify;\">Las actividades iniciar\u00e1n este viernes 10 de febrero con el tema \u201cAspectos generales del Poder Legislativo\u201d, de 16 a 21 horas en la Sala de los Pr\u00f3ceres de la Historia de M\u00e9xico \u201cJos\u00e9 Francisco Ruiz Massieu\u201d, ubicada en las instalaciones del Congreso del Estado, para continuar el s\u00e1bado con el m\u00f3dulo \u201cC\u00f3mo investigar en temas parlamentarios\u201d, de 9 a 14 horas en las instalaciones del Instituto de Estudios Parlamentarios Eduardo Neri.<\/p>\n<p style=\"text-align: justify;\">Para el viernes 17 de febrero se tiene contemplado abordar la \u201cCr\u00f3nica legislativa\u201d, de 16 a 21 horas en la Sala de los Pr\u00f3ceres de la Historia de M\u00e9xico, y para el lunes 20 de 16 a 21 horas el tema \u201cFotograf\u00eda en el recinto: c\u00f3mo documentar la actividad parlamentaria\u201d, en el mismo sitio.<\/p>\n<p style=\"text-align: justify;\">Los comunicadores interesados en este curso-taller deber\u00e1n enviar, a partir de esta fecha, su solicitud de registro al correo electr\u00f3nico comunicaci\u00f3n@congresogro.gob.mx, mismo por el cual se dar\u00e1 constancia con valor curricular a quienes acrediten el 80 por ciento de participaci\u00f3n.<\/p>\n<p><img loading=\"lazy\" decoding=\"async\" class=\"alignnone wp-image-1250632 size-large\" src=\"https:\/\/www.acapulcopress.com\/wp-content\/uploads\/2023\/02\/congeso-taller-periodismo-840x704.jpeg\" alt=\"\" width=\"696\" height=\"583\" \/><\/p>\n<p style=\"text-align: justify;\"><em>) S\u00edguenos en Facebook | @<a href=\"https:\/\/www.facebook.com\/acapulcopress.news\" target=\"_blank\" rel=\"noopener\">AcapulcoPress<\/a><\/em><\/p>\n","protected":false},"excerpt":{"rendered":"<p>CHILPANCINGO * 7 de febrero de 2023. ) Congreso de Guerrero El Congreso del Estado, a trav\u00e9s de la Direcci\u00f3n de Comunicaci\u00f3n y del Instituto de Estudios Parlamentarios Eduardo Neri, desarrollar\u00e1 un curso-taller de Periodismo Parlamentario para periodistas y fot\u00f3grafos que cubren la fuente legislativa y trabajadores de los medios de comunicaci\u00f3n en general. Dicha&#8230;<\/p>\n","protected":false},"author":2,"featured_media":1250632,"comment_status":"closed","ping_status":"closed","sticky":false,"template":"","format":"standard","meta":{"footnotes":""},"categories":[61,18561],"tags":[],"class_list":["post-1250638","post","type-post","status-publish","format-standard","has-post-thumbnail","hentry","category-legislacion","category-society-politics"],"_links":{"self":[{"href":"https:\/\/www.acapulcopress.com\/index.php\/wp-json\/wp\/v2\/posts\/1250638","targetHints":{"allow":["GET"]}}],"collection":[{"href":"https:\/\/www.acapulcopress.com\/index.php\/wp-json\/wp\/v2\/posts"}],"about":[{"href":"https:\/\/www.acapulcopress.com\/index.php\/wp-json\/wp\/v2\/types\/post"}],"author":[{"embeddable":true,"href":"https:\/\/www.acapulcopress.com\/index.php\/wp-json\/wp\/v2\/users\/2"}],"replies":[{"embeddable":true,"href":"https:\/\/www.acapulcopress.com\/index.php\/wp-json\/wp\/v2\/comments?post=1250638"}],"version-history":[{"count":0,"href":"https:\/\/www.acapulcopress.com\/index.php\/wp-json\/wp\/v2\/posts\/1250638\/revisions"}],"wp:featuredmedia":[{"embeddable":true,"href":"https:\/\/www.acapulcopress.com\/index.php\/wp-json\/"}],"wp:attachment":[{"href":"https:\/\/www.acapulcopress.com\/index.php\/wp-json\/wp\/v2\/media?parent=1250638"}],"wp:term":[{"taxonomy":"category","embeddable":true,"href":"https:\/\/www.acapulcopress.com\/index.php\/wp-json\/wp\/v2\/categories?post=1250638"},{"taxonomy":"post_tag","embeddable":true,"href":"https:\/\/www.acapulcopress.com\/index.php\/wp-json\/wp\/v2\/tags?post=1250638"}],"curies":[{"name":"wp","href":"https:\/\/api.w.org\/{rel}","templated":true}]}}