{"id":1250644,"date":"2023-02-07T19:06:33","date_gmt":"2023-02-08T01:06:33","guid":{"rendered":"https:\/\/www.acapulcopress.com\/?p=1250644"},"modified":"2023-02-07T19:06:33","modified_gmt":"2023-02-08T01:06:33","slug":"en-guerrero-estamos-gobernando-de-la-mano-del-pueblo-evelyn-salgado","status":"publish","type":"post","link":"https:\/\/www.acapulcopress.com\/index.php\/2023\/02\/07\/en-guerrero-estamos-gobernando-de-la-mano-del-pueblo-evelyn-salgado\/","title":{"rendered":"En Guerrero estamos gobernando de la mano del pueblo | Evelyn Salgado"},"content":{"rendered":"<p style=\"text-align: justify;\">CHILPANCINGO * 7 de febrero de 2023.<br \/>\n<em>) Gobierno de Guerrero<\/em><br \/>\nAl encabezar la ceremonia de izamiento de Bandera Nacional correspondiente al mes de <img loading=\"lazy\" decoding=\"async\" class=\"alignleft size-medium wp-image-1250648\" src=\"https:\/\/www.acapulcopress.com\/wp-content\/uploads\/2023\/02\/EVELYN.HONORES5-375x562.jpg\" alt=\"\" width=\"375\" height=\"562\" \/>febrero, la gobernadora <a href=\"https:\/\/www.facebook.com\/EvelynSalgadoP\" target=\"_blank\" rel=\"noopener\">Evelyn Salgado Pineda<\/a>, afirm\u00f3 que en Guerrero se trabaja de la mano del pueblo con fraternidad y humanismo como centro de toda pol\u00edtica p\u00fablica, luchando todos los d\u00edas por la transformaci\u00f3n, por la justicia social y el bienestar de todos los guerrerenses.<\/p>\n<p style=\"text-align: justify;\">\u00abNecesitamos de la solidaridad que nos distingue a las y los guerrerenses la tengamos muy presentes todos los d\u00edas en todas y cada una de nuestras acciones, desde todas las trincheras en el escritorio y tambi\u00e9n en el territorio como lo hemos hecho hasta ahora y as\u00ed lo vamos a hacer todos estos a\u00f1os, trabajando con nuestro pueblo, por la transformaci\u00f3n con justicia y bienestar social\u00bb, afirm\u00f3 Evelyn Salgado.<\/p>\n<p style=\"text-align: justify;\">En el recinto oficial del Poder Ejecutivo Casa del Pueblo, en su mensaje la gobernadora Evelyn Salgado, se\u00f1al\u00f3 que una de las fechas m\u00e1s importantes del mes de febrero es la conmemoraci\u00f3n del D\u00eda de la Bandera, s\u00edmbolo patrio que tiene su cuna en Iguala de la Independencia.<\/p>\n<p style=\"text-align: justify;\">La mandataria estatal, refiri\u00f3 que este mes se conmemora la promulgaci\u00f3n de la Constituci\u00f3n Pol\u00edtica de M\u00e9xico, en este sentido, puntualiz\u00f3 que Guerrero tiene un gobierno <img loading=\"lazy\" decoding=\"async\" class=\"alignleft size-medium wp-image-1250647\" src=\"https:\/\/www.acapulcopress.com\/wp-content\/uploads\/2023\/02\/EVELYN.HONORES4-375x537.jpg\" alt=\"\" width=\"375\" height=\"537\" \/>que respeta y hace respetar la Constituci\u00f3n Federal y las leyes que de ella emanan, que gu\u00edan a un actuar republicano, honesto, de convicci\u00f3n profunda y compromiso absoluto con los derechos consagrados en la carta magna.<\/p>\n<p style=\"text-align: justify;\">Con la participaci\u00f3n de la Banda de M\u00fasica de la Novena Regi\u00f3n Militar, en la ceremonia la gobernadora record\u00f3 el D\u00eda de la Fuerza A\u00e9rea, as\u00ed como el D\u00eda del Ej\u00e9rcito Mexicano, instituciones a las que reconoci\u00f3 su trabajo incansable y solidario por la construcci\u00f3n de la paz, por el bienestar y por la seguridad de las y los mexicanos.<\/p>\n<p style=\"text-align: justify;\">Asistieron al evento el comandante de la Novena Regi\u00f3n Militar, Ricardo Flores Gonz\u00e1lez; el comandante de la 35 zona Militar, Enrique Mart\u00ednez L\u00f3pez; el secretario general de Gobierno, Ludwig Marcial Reynoso N\u00fa\u00f1ez; la Fiscal General del Estado, Sandra Luz Valdovinos Salmer\u00f3n; el Coordinador Estatal de la Guardia Nacional, Andr\u00e9s Ram\u00edrez Xochicalli; la Presidenta del Sistema DIF Guerrero, Liz Salgado Pineda, y la alcaldesa de Chilpancingo,<a href=\"https:\/\/www.facebook.com\/NormaOtiliaHernandez\" target=\"_blank\" rel=\"noopener\"> Norma Otilia Hern\u00e1ndez Mart\u00ednez<\/a>.<\/p>\n<p style=\"text-align: justify;\"><em>) S\u00edguenos en Facebook | @<a href=\"https:\/\/www.facebook.com\/acapulcopress.news\" target=\"_blank\" rel=\"noopener\">AcapulcoPress<\/a><\/em><\/p>\n","protected":false},"excerpt":{"rendered":"<p>CHILPANCINGO * 7 de febrero de 2023. ) Gobierno de Guerrero Al encabezar la ceremonia de izamiento de Bandera Nacional correspondiente al mes de febrero, la gobernadora Evelyn Salgado Pineda, afirm\u00f3 que en Guerrero se trabaja de la mano del pueblo con fraternidad y humanismo como centro de toda pol\u00edtica p\u00fablica, luchando todos los d\u00edas&#8230;<\/p>\n","protected":false},"author":2,"featured_media":1250646,"comment_status":"closed","ping_status":"closed","sticky":false,"template":"","format":"standard","meta":{"footnotes":""},"categories":[1972],"tags":[8251,9302],"class_list":["post-1250644","post","type-post","status-publish","format-standard","has-post-thumbnail","hentry","category-special","tag-evelyn-salgado-pineda","tag-gobierno-de-guerrero"],"_links":{"self":[{"href":"https:\/\/www.acapulcopress.com\/index.php\/wp-json\/wp\/v2\/posts\/1250644","targetHints":{"allow":["GET"]}}],"collection":[{"href":"https:\/\/www.acapulcopress.com\/index.php\/wp-json\/wp\/v2\/posts"}],"about":[{"href":"https:\/\/www.acapulcopress.com\/index.php\/wp-json\/wp\/v2\/types\/post"}],"author":[{"embeddable":true,"href":"https:\/\/www.acapulcopress.com\/index.php\/wp-json\/wp\/v2\/users\/2"}],"replies":[{"embeddable":true,"href":"https:\/\/www.acapulcopress.com\/index.php\/wp-json\/wp\/v2\/comments?post=1250644"}],"version-history":[{"count":0,"href":"https:\/\/www.acapulcopress.com\/index.php\/wp-json\/wp\/v2\/posts\/1250644\/revisions"}],"wp:featuredmedia":[{"embeddable":true,"href":"https:\/\/www.acapulcopress.com\/index.php\/wp-json\/"}],"wp:attachment":[{"href":"https:\/\/www.acapulcopress.com\/index.php\/wp-json\/wp\/v2\/media?parent=1250644"}],"wp:term":[{"taxonomy":"category","embeddable":true,"href":"https:\/\/www.acapulcopress.com\/index.php\/wp-json\/wp\/v2\/categories?post=1250644"},{"taxonomy":"post_tag","embeddable":true,"href":"https:\/\/www.acapulcopress.com\/index.php\/wp-json\/wp\/v2\/tags?post=1250644"}],"curies":[{"name":"wp","href":"https:\/\/api.w.org\/{rel}","templated":true}]}}