{"id":1250655,"date":"2023-02-07T19:33:05","date_gmt":"2023-02-08T01:33:05","guid":{"rendered":"https:\/\/www.acapulcopress.com\/?p=1250655"},"modified":"2023-02-07T19:33:05","modified_gmt":"2023-02-08T01:33:05","slug":"policia-estatal-sedena-gn-y-fge-decomisan-armamento-y-equipo-tactico-en-petatlan","status":"publish","type":"post","link":"https:\/\/www.acapulcopress.com\/index.php\/2023\/02\/07\/policia-estatal-sedena-gn-y-fge-decomisan-armamento-y-equipo-tactico-en-petatlan\/","title":{"rendered":"Polic\u00eda Estatal, Sedena, GN y FGE decomisan armamento y equipo t\u00e1ctico en Petatl\u00e1n"},"content":{"rendered":"<p style=\"text-align: justify;\">CHILPANCINGO * 7 de febrero de 2023.<br \/>\n<em>) Gobierno de Guerrero<\/em><br \/>\n<img loading=\"lazy\" decoding=\"async\" class=\"alignleft size-medium wp-image-1250659\" src=\"https:\/\/www.acapulcopress.com\/wp-content\/uploads\/2023\/02\/POLICIA-ESTATAL4-375x216.jpg\" alt=\"\" width=\"375\" height=\"216\" \/>Derivado de la estrategia conjunta y permanente, personal de la Polic\u00eda Estatal en coordinaci\u00f3n con la Secretar\u00eda de la Defensa Nacional, Guardia Nacional y Fiscal\u00eda General del Estado aseguraron fusiles, cartuchos, una ametralladora, una granada y equipo t\u00e1ctico en el municipio de Petatl\u00e1n, en la regi\u00f3n Costa Grande.<\/p>\n<p style=\"text-align: justify;\">El personal, que integran la Base de Operaciones Mixtas (BOM) en dicha regi\u00f3n, realiz\u00f3 esta acci\u00f3n en dos hechos distintos.<\/p>\n<p style=\"text-align: justify;\">En un primer t\u00e9rmino, los elementos de la BOM realizaban recorridos de seguridad en la comunidad de La Calera, donde aseguraron cinco cargadores met\u00e1licos; 12 cartuchos; un chaleco t\u00e1ctico; dos placas bal\u00edsticas y uniformes tipo t\u00e1cticos.<\/p>\n<p style=\"text-align: justify;\"><img loading=\"lazy\" decoding=\"async\" class=\"alignleft size-medium wp-image-1250658\" src=\"https:\/\/www.acapulcopress.com\/wp-content\/uploads\/2023\/02\/POLICIA-ESTATAL3-375x667.jpg\" alt=\"\" width=\"375\" height=\"667\" \/>En un segundo evento, elementos de la Polic\u00eda Estatal, Sedena, GN y FGE realizaban patrullajes terrestres en la comunidad de La Soledad de los Enanos de dicho municipio.<\/p>\n<p style=\"text-align: justify;\">Donde aseguraron sobre una brecha de terracer\u00eda un arma larga, tipo AK47; una ametralladora; ocho cargadores met\u00e1licos; una granada; 175 cartuchos \u00fatiles, calibre 7.62&#215;39 mm, as\u00ed como 300 cartuchos \u00fatiles, calibre 5.56 mm.<\/p>\n<p style=\"text-align: justify;\">En ambos casos, las armas, cargadores, cartuchos, la granada y el equipo t\u00e1ctico puestos a disposici\u00f3n de las autoridades correspondientes para su\u00a0debido\u00a0proceso.<\/p>\n<p style=\"text-align: justify;\"><em>) S\u00edguenos en Facebook | @<a href=\"https:\/\/www.facebook.com\/acapulcopress.news\" target=\"_blank\" rel=\"noopener\">AcapulcoPress<\/a><\/em><\/p>\n","protected":false},"excerpt":{"rendered":"<p>CHILPANCINGO * 7 de febrero de 2023. ) Gobierno de Guerrero Derivado de la estrategia conjunta y permanente, personal de la Polic\u00eda Estatal en coordinaci\u00f3n con la Secretar\u00eda de la Defensa Nacional, Guardia Nacional y Fiscal\u00eda General del Estado aseguraron fusiles, cartuchos, una ametralladora, una granada y equipo t\u00e1ctico en el municipio de Petatl\u00e1n, en&#8230;<\/p>\n","protected":false},"author":2,"featured_media":1250656,"comment_status":"closed","ping_status":"closed","sticky":false,"template":"","format":"standard","meta":{"footnotes":""},"categories":[1969,2005],"tags":[4606,9532,16205],"class_list":["post-1250655","post","type-post","status-publish","format-standard","has-post-thumbnail","hentry","category-trending","category-seguridad-y-justicia","tag-base-de-operaciones-mixtas-bom","tag-guardia-nacional","tag-secretaria-de-la-defensa-nacional"],"_links":{"self":[{"href":"https:\/\/www.acapulcopress.com\/index.php\/wp-json\/wp\/v2\/posts\/1250655","targetHints":{"allow":["GET"]}}],"collection":[{"href":"https:\/\/www.acapulcopress.com\/index.php\/wp-json\/wp\/v2\/posts"}],"about":[{"href":"https:\/\/www.acapulcopress.com\/index.php\/wp-json\/wp\/v2\/types\/post"}],"author":[{"embeddable":true,"href":"https:\/\/www.acapulcopress.com\/index.php\/wp-json\/wp\/v2\/users\/2"}],"replies":[{"embeddable":true,"href":"https:\/\/www.acapulcopress.com\/index.php\/wp-json\/wp\/v2\/comments?post=1250655"}],"version-history":[{"count":0,"href":"https:\/\/www.acapulcopress.com\/index.php\/wp-json\/wp\/v2\/posts\/1250655\/revisions"}],"wp:featuredmedia":[{"embeddable":true,"href":"https:\/\/www.acapulcopress.com\/index.php\/wp-json\/"}],"wp:attachment":[{"href":"https:\/\/www.acapulcopress.com\/index.php\/wp-json\/wp\/v2\/media?parent=1250655"}],"wp:term":[{"taxonomy":"category","embeddable":true,"href":"https:\/\/www.acapulcopress.com\/index.php\/wp-json\/wp\/v2\/categories?post=1250655"},{"taxonomy":"post_tag","embeddable":true,"href":"https:\/\/www.acapulcopress.com\/index.php\/wp-json\/wp\/v2\/tags?post=1250655"}],"curies":[{"name":"wp","href":"https:\/\/api.w.org\/{rel}","templated":true}]}}