{"id":1250669,"date":"2023-02-07T20:09:04","date_gmt":"2023-02-08T02:09:04","guid":{"rendered":"https:\/\/www.acapulcopress.com\/?p=1250669"},"modified":"2023-02-07T20:09:04","modified_gmt":"2023-02-08T02:09:04","slug":"suspenden-en-definitiva-tramo-5-del-tren-maya","status":"publish","type":"post","link":"https:\/\/www.acapulcopress.com\/index.php\/2023\/02\/07\/suspenden-en-definitiva-tramo-5-del-tren-maya\/","title":{"rendered":"Suspenden en definitiva Tramo 5 del Tren Maya"},"content":{"rendered":"<p style=\"text-align: justify;\">CIUDAD DE M\u00c9XICO * 7 de febrero de 2023.<br \/>\n<em>) <a href=\"https:\/\/www.infobae.com\/mexico\/2023\/02\/07\/otorgaron-suspension-definitiva-del-tramo-5-del-tren-maya-aseguro-la-organizacion-selvame-del-tren\/\" target=\"_blank\" rel=\"noopener\">Infobae<\/a><br \/>\n<\/em>Un juez orden\u00f3 la suspensi\u00f3n definitiva del tramo 5 del Tren Maya, que va de Canc\u00fan a <img loading=\"lazy\" decoding=\"async\" class=\"alignleft size-medium wp-image-1250672\" src=\"https:\/\/www.acapulcopress.com\/wp-content\/uploads\/2023\/02\/TREN-MAYA2-375x281.jpg\" alt=\"\" width=\"375\" height=\"281\" \/>Tulum, afirm\u00f3 la organizaci\u00f3n <em>S\u00e9lvame del Tren<\/em> este martes 7 de febrero.<\/p>\n<p style=\"text-align: justify;\">De acuerdo con el organismo no gubernamental fue el juez del Juzgado Primero de Yucat\u00e1n el que liber\u00f3 la orden de que \u201cse suspenda o paralice cualquier acto que tenga como finalidad la continuaci\u00f3n de tala o desmonte en los terrenos que comprende el tramo 5 Norte y Sur del proyecto Tren Maya, con trazo de Canc\u00fan a Tulum, Quintana Roo\u201d. Esto a partir del amparo 2878\/2022 que interpusieron miembros de organizaciones de la sociedad civil.<\/p>\n<p style=\"text-align: justify;\">Esta suspensi\u00f3n es aplicable al \u00e1rea que est\u00e1 fuera de la superficie contemplada en el oficio emitido el 15 de diciembre de 2022 por el que se autoriz\u00f3 el cambio de uso de suelo en terrenos forestales.<\/p>\n<p style=\"text-align: justify;\">S\u00e9lvame del Tren reafirm\u00f3 su postura en contra de la megaobra insignia del presidente Andr\u00e9s Manuel L\u00f3pez Obrador, la cual aseguraron \u201cno cumple con los permisos ni los estudios necesarios para evitar un desastre ecol\u00f3gico irreversible\u201d.<\/p>\n<p style=\"text-align: justify;\">La suspensi\u00f3n definitiva del tramo 5 del Tren Maya se dio a conocer menos de un mes despu\u00e9s de que S\u00e9lvame del Tren anunci\u00f3 una orden de suspensi\u00f3n provisional, la cual fue desestimada por L\u00f3pez Obrador.<\/p>\n<p style=\"text-align: justify;\">El pasado 21 de enero, el presidente asegur\u00f3 que \u201cno hay suspensi\u00f3n, no existe (&#8230;) es un escrito que todav\u00eda no resuelve el juez\u201d, durante su visita a Izamal, Yucat\u00e1n, en donde supervis\u00f3 la construcci\u00f3n de la infraestructura del Tren Maya.<\/p>\n<p style=\"text-align: justify;\">L\u00f3pez Obrador incluso reiter\u00f3 que el proyecto se inaugurar\u00e1 en diciembre de este a\u00f1o, tal como se tiene previsto. Adem\u00e1s asegur\u00f3 que \u201cla gente de Quintana Roo y de toda la pen\u00ednsula de Yucat\u00e1n, est\u00e1n ayudando, est\u00e1n apoyando\u201d.<\/p>\n<p style=\"text-align: justify;\"><strong>Denunciaron presunta compra de rieles oxidados para el Tren Maya<\/strong><\/p>\n<p style=\"text-align: justify;\">El pasado enero el Tren Maya qued\u00f3 envuelto en la pol\u00e9mica una vez m\u00e1s luego de que en <img loading=\"lazy\" decoding=\"async\" class=\"alignleft size-medium wp-image-1250670\" src=\"https:\/\/www.acapulcopress.com\/wp-content\/uploads\/2023\/02\/COMUNICADO-SELVAME-DEL-TREN-375x523.jpg\" alt=\"\" width=\"375\" height=\"523\" \/>un art\u00edculo de<em> Reforma<\/em> exhibi\u00f3 un reporte en el que se se\u00f1alaba que el Fondo Nacional de Fomento al Turismo (Fonatur) hab\u00eda adquirido rieles con \u00f3xido.<\/p>\n<p style=\"text-align: justify;\">Esta informaci\u00f3n fue desmentida por Ana Garc\u00eda Vilchis en la secci\u00f3n \u201c\u00bfQui\u00e9n es qui\u00e9n en las mentiras de la semana?\u201d, en una de las conferencias matutinas de L\u00f3pez Obrador. Ella asegur\u00f3 que el tono rojizo en los rieles se debe a un reacci\u00f3n qu\u00edmica normal ante la exposici\u00f3n a la naturaleza.<\/p>\n<p style=\"text-align: justify;\">Sin embargo, X\u00f3chitl G\u00e1lvez, senadora por el Partido Acci\u00f3n Nacional (PAN), denunci\u00f3 ante el \u00d3rgano Interno de Control (OIC). El pasado 12 de enero la legisladora panista anunci\u00f3 que presunt\u00f3 una denuncia:<\/p>\n<p style=\"text-align: justify;\">\u201cEn contra de quien o quienes resulten responsables por la adquisici\u00f3n de rieles oxidados y con desprendimiento de metal, de rieles de una menor dimensi\u00f3n a la contratada e inconsistencias en la cantidad de toneladas certificadas y verificadas con las importadas y localizadas en el centro de acopio\u201d.<\/p>\n<p style=\"text-align: justify;\">G\u00e1lvez bas\u00f3 su denuncia en un reporte de la OIC en el que se se\u00f1ala que durante una inspecci\u00f3n se identificaron piezas con de menor tama\u00f1o al especificado en el contrato y en avanzado estado de oxidaci\u00f3n.<\/p>\n<p style=\"text-align: justify;\">Cabe recordar que la legisladora tambi\u00e9n se ha lanzado en contra del Tren Maya debido al presupuesto empleado en el proyecto. Ha acusado que tiene un sobrecosto de 180 mil millones de pesos.<\/p>\n<p style=\"text-align: justify;\">En relaci\u00f3n a la pol\u00e9mica por el material empleado, L\u00f3pez Obrador tambi\u00e9n desestim\u00f3 las acusaciones. Incluso el 8 de enero ironiz\u00f3 al compartir una fotograf\u00eda que acompa\u00f1\u00f3 con la descripci\u00f3n: \u201cYa se nota el tendido de rieles oxidados\u201d. La imagen que comparti\u00f3 corresponde al tramo M\u00e9rida-Campeche, que comprende 143 kil\u00f3metros, de los cuales asegur\u00f3 se hab\u00edan colocado 123 km a esa fecha.<\/p>\n<p style=\"text-align: justify;\">) S\u00edguenos en Facebook | @AcapulcoPress<br \/>\nhttps:\/\/www.facebook.com\/acapulcopress.news<\/p>\n","protected":false},"excerpt":{"rendered":"<p>CIUDAD DE M\u00c9XICO * 7 de febrero de 2023. ) Infobae Un juez orden\u00f3 la suspensi\u00f3n definitiva del tramo 5 del Tren Maya, que va de Canc\u00fan a Tulum, afirm\u00f3 la organizaci\u00f3n S\u00e9lvame del Tren este martes 7 de febrero. De acuerdo con el organismo no gubernamental fue el juez del Juzgado Primero de Yucat\u00e1n&#8230;<\/p>\n","protected":false},"author":2,"featured_media":0,"comment_status":"closed","ping_status":"closed","sticky":false,"template":"","format":"standard","meta":{"footnotes":""},"categories":[1997],"tags":[8780,16418,17348,17370],"class_list":["post-1250669","post","type-post","status-publish","format-standard","hentry","category-noticias-destacadas","tag-fondo-nacional-de-fomento-al-turismo-fonatur","tag-selvame-del-tren","tag-tramo-5-tren-maya","tag-tren-maya"],"_links":{"self":[{"href":"https:\/\/www.acapulcopress.com\/index.php\/wp-json\/wp\/v2\/posts\/1250669","targetHints":{"allow":["GET"]}}],"collection":[{"href":"https:\/\/www.acapulcopress.com\/index.php\/wp-json\/wp\/v2\/posts"}],"about":[{"href":"https:\/\/www.acapulcopress.com\/index.php\/wp-json\/wp\/v2\/types\/post"}],"author":[{"embeddable":true,"href":"https:\/\/www.acapulcopress.com\/index.php\/wp-json\/wp\/v2\/users\/2"}],"replies":[{"embeddable":true,"href":"https:\/\/www.acapulcopress.com\/index.php\/wp-json\/wp\/v2\/comments?post=1250669"}],"version-history":[{"count":0,"href":"https:\/\/www.acapulcopress.com\/index.php\/wp-json\/wp\/v2\/posts\/1250669\/revisions"}],"wp:attachment":[{"href":"https:\/\/www.acapulcopress.com\/index.php\/wp-json\/wp\/v2\/media?parent=1250669"}],"wp:term":[{"taxonomy":"category","embeddable":true,"href":"https:\/\/www.acapulcopress.com\/index.php\/wp-json\/wp\/v2\/categories?post=1250669"},{"taxonomy":"post_tag","embeddable":true,"href":"https:\/\/www.acapulcopress.com\/index.php\/wp-json\/wp\/v2\/tags?post=1250669"}],"curies":[{"name":"wp","href":"https:\/\/api.w.org\/{rel}","templated":true}]}}