{"id":1250676,"date":"2023-02-07T20:32:22","date_gmt":"2023-02-08T02:32:22","guid":{"rendered":"https:\/\/www.acapulcopress.com\/?p=1250676"},"modified":"2023-02-07T20:32:22","modified_gmt":"2023-02-08T02:32:22","slug":"feminicidios-a-la-alza-gracias-a-la-inoperancia-de-la-fiscalia-general-del-estado","status":"publish","type":"post","link":"https:\/\/www.acapulcopress.com\/index.php\/2023\/02\/07\/feminicidios-a-la-alza-gracias-a-la-inoperancia-de-la-fiscalia-general-del-estado\/","title":{"rendered":"Feminicidios a la alza gracias a la inoperancia de la Fiscal\u00eda General del Estado"},"content":{"rendered":"<p style=\"text-align: justify;\">ACAPULCO * 7 de febrero de 2023.<br \/>\n<em>) <a href=\"https:\/\/a-nasa.com.mx\/\" target=\"_blank\" rel=\"noopener\">ANASA<\/a><br \/>\n<\/em> Integrantes del Frente Amplio Feminista en Guerrero se\u00f1alaron que la Fiscal\u00eda General del Estado no investiga como feminicidios los homicidios de mujeres cometidos en la entidad.<\/p>\n<p>En conferencia de prensa, en el z\u00f3calo de Acapulco, se\u00f1alaron que en lo que va del a\u00f1o documentan ocho asesinatos: tres casos en la Costa Grande, 1 caso en la Costa Chica, y cuatro m\u00e1s en Acapulco.<\/p>\n<p>\u201cLamentablemente hubo una alza de asesinatos, de homicidios, pero tambi\u00e9n dentro de esta ola de asesinatos de personas vemos que tambi\u00e9n hay la muerte de algunas mujeres con una alta presunci\u00f3n de feminicidios y habr\u00eda que ver que dice la Fiscal\u00eda porque las razones de g\u00e9nero o en las condiciones en las que han sido muertas o asesinadas si califican como feminicidio\u201d, expres\u00f3 el representante del Frente, Enrique Solano L\u00f3pez.<\/p>\n<p>Solano L\u00f3pez indic\u00f3 que Acapulco volvi\u00f3 a ser \u201cel epicentro de los feminicidios\u201d por los m\u00faltiples hechos de violencia ocurridos en los \u00faltimos d\u00edas en la entidad.<\/p>\n<p>Reproch\u00f3 que en muchos de los casos para las autoridades de la Fiscal\u00eda \u201ces muy simple dar un carpetazo a las investigaciones para ya no llevar todo el proceso\u201d, que implica peritajes antropol\u00f3gicos, psic\u00f3logos y sociales.<\/p>\n<p>Solano L\u00f3pez hizo un llamado a la Comisi\u00f3n Ejecutiva de Atenci\u00f3n a V\u00edctimas Estatal y Federal para dar en tiempo y forma los recursos de reparaci\u00f3n del da\u00f1o a las distintas familias afectadas.<\/p>\n<p><strong>Faltan mecanismos<\/strong><\/p>\n<p>Sobre el arranque de la estrategia \u201cTerritorio Violeta\u201d, Enrique Solano opin\u00f3 que son buenas ideas, pero que a\u00fan no son suficientes para contrarrestar la situaci\u00f3n de violencia que afecta a las mujeres.<\/p>\n<p>\u201cA pesar de que se hizo el protocolo violeta de transporte seguro estos son los tristes resultados, esta es la realidad entre lo oficial y lo real, porque un mural o una c\u00e1mara no paran las muertes de las mujeres\u201d, expuso.<\/p>\n<p>Se\u00f1al\u00f3 que en muchos de los casos los organismos jurisdiccionales \u201cno atienden el llamado con prontitud\u201d, y que eso lamentablemente cuesta la vida de las guerrerenses.<\/p>\n<p>Por \u00faltimo, pidi\u00f3 la pronta intervenci\u00f3n de la FGE y de la gobernadora Evelyn Salgado Pineda para que atiendan la situaci\u00f3n de violencias que se vive en todo Guerrero.<\/p>\n<p style=\"text-align: justify;\"><em>) S\u00edguenos en Facebook | @<a href=\"https:\/\/www.facebook.com\/acapulcopress.news\" target=\"_blank\" rel=\"noopener\">AcapulcoPress<\/a><\/em><\/p>\n","protected":false},"excerpt":{"rendered":"<p>ACAPULCO * 7 de febrero de 2023. ) ANASA Integrantes del Frente Amplio Feminista en Guerrero se\u00f1alaron que la Fiscal\u00eda General del Estado no investiga como feminicidios los homicidios de mujeres cometidos en la entidad. En conferencia de prensa, en el z\u00f3calo de Acapulco, se\u00f1alaron que en lo que va del a\u00f1o documentan ocho asesinatos:&#8230;<\/p>\n","protected":false},"author":2,"featured_media":1250677,"comment_status":"closed","ping_status":"closed","sticky":false,"template":"","format":"standard","meta":{"footnotes":""},"categories":[1969,2005],"tags":[8473,8701,8928,16014],"class_list":["post-1250676","post","type-post","status-publish","format-standard","has-post-thumbnail","hentry","category-trending","category-seguridad-y-justicia","tag-feminicidios-guerrero","tag-fiscalia-general-del-estado-de-guerrero-fge-gro","tag-frente-amplio-feminista-en-guerrero","tag-sandra-luz-valdovinos-salmeron"],"_links":{"self":[{"href":"https:\/\/www.acapulcopress.com\/index.php\/wp-json\/wp\/v2\/posts\/1250676","targetHints":{"allow":["GET"]}}],"collection":[{"href":"https:\/\/www.acapulcopress.com\/index.php\/wp-json\/wp\/v2\/posts"}],"about":[{"href":"https:\/\/www.acapulcopress.com\/index.php\/wp-json\/wp\/v2\/types\/post"}],"author":[{"embeddable":true,"href":"https:\/\/www.acapulcopress.com\/index.php\/wp-json\/wp\/v2\/users\/2"}],"replies":[{"embeddable":true,"href":"https:\/\/www.acapulcopress.com\/index.php\/wp-json\/wp\/v2\/comments?post=1250676"}],"version-history":[{"count":0,"href":"https:\/\/www.acapulcopress.com\/index.php\/wp-json\/wp\/v2\/posts\/1250676\/revisions"}],"wp:featuredmedia":[{"embeddable":true,"href":"https:\/\/www.acapulcopress.com\/index.php\/wp-json\/"}],"wp:attachment":[{"href":"https:\/\/www.acapulcopress.com\/index.php\/wp-json\/wp\/v2\/media?parent=1250676"}],"wp:term":[{"taxonomy":"category","embeddable":true,"href":"https:\/\/www.acapulcopress.com\/index.php\/wp-json\/wp\/v2\/categories?post=1250676"},{"taxonomy":"post_tag","embeddable":true,"href":"https:\/\/www.acapulcopress.com\/index.php\/wp-json\/wp\/v2\/tags?post=1250676"}],"curies":[{"name":"wp","href":"https:\/\/api.w.org\/{rel}","templated":true}]}}