{"id":1250690,"date":"2023-02-08T20:50:07","date_gmt":"2023-02-09T02:50:07","guid":{"rendered":"https:\/\/www.acapulcopress.com\/?p=1250690"},"modified":"2023-02-08T20:50:07","modified_gmt":"2023-02-09T02:50:07","slug":"propone-gaby-bernal-sancionar-violencia-de-genero-en-la-administracion-publica","status":"publish","type":"post","link":"https:\/\/www.acapulcopress.com\/index.php\/2023\/02\/08\/propone-gaby-bernal-sancionar-violencia-de-genero-en-la-administracion-publica\/","title":{"rendered":"Propone Gaby Bernal sancionar violencia de g\u00e9nero en la administraci\u00f3n p\u00fablica"},"content":{"rendered":"<div>\n<div class=\"lDdSm\">\n<div class=\"srQCs\">\n<div class=\"AL_OM l8Tnu I1wdR ContentPasted0\" style=\"text-align: justify;\">CHILPANCINGO * 8 de febrero de 2023.<\/div>\n<\/div>\n<\/div>\n<\/div>\n<div class=\"ulb23 GNqVo yxtKT allowTextSelection\" tabindex=\"-1\">\n<div>\n<div class=\"rps_5e2b\">\n<div dir=\"ltr\">\n<div class=\"x_elementToProof x_ContentPasted0 x_ContentPasted1 x_ContentPasted2 ContentPasted0\" style=\"text-align: justify;\">\n<p><em>) Congreso de Guerrero<br \/>\n<\/em>La diputada Gabriela Bernal Res\u00e9ndiz propuso incorporar el derecho de las mujeres a una vida libre de violencia en el \u00e1mbito de la administraci\u00f3n p\u00fablica, para el libre ejercicio de la funci\u00f3n, la toma de decisiones y el acceso a los recursos y prerrogativas de ley, en pie de igualdad con los hombres, estableciendo medidas para prevenir, atender y sancionar la violencia pol\u00edtica en la administraci\u00f3n p\u00fablica del estado y sus municipios.<\/p>\n<p>Al presentar la iniciativa de reformas a la Ley de Responsabilidades Administrativas para el Estado, la diputada expuso que el 13 de abril de 2020 se public\u00f3 en el Diario Oficial de la Federaci\u00f3n el decreto de reformas a diversas leyes generales en materia de violencia pol\u00edtica contra las mujeres en raz\u00f3n de g\u00e9nero, como una modalidad de violencia en la Ley General de Acceso de las Mujeres a una Vida Libre de Violencia.<\/p>\n<p>Se estableci\u00f3, adem\u00e1s, un cat\u00e1logo de 22 conductas que constituyen esta modalidad de violencia, de las cuales 14 se instituyeron como delitos en la Ley General en Materia de Delitos Electorales, imponiendo diversas sanciones de car\u00e1cter penal, mientras que otras son reconocidas y sancionadas como faltas administrativas tanto en la Ley General de Instituciones y Delitos\u00a0Electorales, como en la Ley General de Responsabilidades Administrativas.<\/p>\n<p>Ante ello, la legisladora integrante del Grupo Parlamentario del PRI manifest\u00f3 que Guerrero es la \u00fanica entidad que a la fecha no ha armonizado estas disposiciones, lo que representa un rezago y un d\u00e9ficit de la vida democr\u00e1tica del estado que resulta urgente revertir.<\/p>\n<p>\u201cEs menester destacar la importancia de avanzar en la armonizaci\u00f3n legislativa en esta materia para asegurar a las ciudadanas de Guerrero un piso de protecci\u00f3n jur\u00eddica m\u00e1s firme, que a su vez refleje la vocaci\u00f3n democr\u00e1tica de las instituciones del Estado y el compromiso de los tres poderes con el derecho de las mujeres a una vida libre de violencia en todas las esferas de la vida, incluida la vida p\u00fablica y pol\u00edtica\u201d, se\u00f1al\u00f3.<\/p>\n<p>Agreg\u00f3 que en esta iniciativa de armonizaci\u00f3n se incorpora el derecho de las mujeres a una vida libre de violencia en el \u00e1mbito de la administraci\u00f3n p\u00fablica, particularmente para el libre ejercicio de la funci\u00f3n p\u00fablica, toma de decisiones y acceso a los recursos y prerrogativas de ley, en igualdad de condiciones con los hombres.<\/p>\n<p>Tambi\u00e9n se atiende la competencia administrativa, definiendo sanciones que deben aplicarse con perspectiva de g\u00e9nero.<\/p>\n<p>Esta propuesta fue turnada a la Comisi\u00f3n de Justicia para su respectivo an\u00e1lisis y dictaminaci\u00f3n.<\/p>\n<p>Iniciativas La diputada Jessica Alejo Rayo (Morena) present\u00f3 una iniciativa de adici\u00f3n al art\u00edculo 170 Bis del C\u00f3digo Penal del estado para sancionar la elaboraci\u00f3n y posesi\u00f3n de medicamentos clonados, alterados o caducados con fines de venta, comercializaci\u00f3n y distribuci\u00f3n de manera directa o en establecimientos no autorizados, con penas de 3 a 8 a\u00f1os de prisi\u00f3n.<\/p>\n<p>Por su parte, la diputada Ang\u00e9lica Espinoza Garc\u00eda (Morena) propuso reformas y adiciones al art\u00edculo 35 Bis de la Ley de Fomento Econ\u00f3mico, Inversi\u00f3n y Desarrollo del Estado para incorporar a las artesan\u00edas guerrerenses dentro de los programas prioritarios de Fomento Econ\u00f3mico, Inversi\u00f3n y Desarrollo, que propicie la atenci\u00f3n integral de toda la cadena de producci\u00f3n que integra la difusi\u00f3n, promoci\u00f3n y salvaguarda de esta actividad representativa de Guerrero.<\/p>\n<p>Y en su oportunidad, el diputado Osbaldo R\u00edos Manrique (Morena) present\u00f3 una iniciativa de reforma a la Ley Org\u00e1nica de la Administraci\u00f3n P\u00fablica del Estado para incorporar entre los Premios Estatales a la Juventud una categor\u00eda referente a g\u00e9nero y diversidad sexual, dirigida a personas j\u00f3venes con liderazgo que promuevan la igualdad de derechos y combatan la discriminaci\u00f3n de forma activa, las desigualdades y\/o estigmatizaci\u00f3n de grupos vulnerables.<\/p>\n<p><strong>Dict\u00e1menes<\/strong><\/p>\n<p>La Comisi\u00f3n Permanente aprob\u00f3 un dictamen por el que desecha la iniciativa de ley que crea el Organismo P\u00fablico Descentralizado denominado Instituto Municipal de Cultura F\u00edsica y Deporte de Coyuca de Ben\u00edtez, por no estar debidamente justificada ni existir un diagn\u00f3stico que fundamente su creaci\u00f3n.<\/p>\n<p><strong>Intervenciones<\/strong><\/p>\n<p>La diputada Ang\u00e9lica Espinoza Garc\u00eda (Morena) intervino con el tema \u201cLos antecedentes del Constituyente de 1917\u201d, destacando la labor emprendida en aquella \u00e9poca por Hermila Galindo, impulsora del voto femenino junto a las hermanas Rosa, Mar\u00eda y Guadalupe Narv\u00e1ez, en desaf\u00edo a la hegemon\u00eda masculina y el machismo conservadurista.<\/p>\n<p><em>) S\u00edguenos en Facebook | @<a href=\"https:\/\/www.facebook.com\/acapulcopress.news\" target=\"_blank\" rel=\"noopener\">AcapulcoPress<\/a><\/em><\/p>\n<\/div>\n<\/div>\n<\/div>\n<\/div>\n<\/div>\n","protected":false},"excerpt":{"rendered":"<p>CHILPANCINGO * 8 de febrero de 2023. ) Congreso de Guerrero La diputada Gabriela Bernal Res\u00e9ndiz propuso incorporar el derecho de las mujeres a una vida libre de violencia en el \u00e1mbito de la administraci\u00f3n p\u00fablica, para el libre ejercicio de la funci\u00f3n, la toma de decisiones y el acceso a los recursos y prerrogativas&#8230;<\/p>\n","protected":false},"author":2,"featured_media":1250691,"comment_status":"closed","ping_status":"closed","sticky":false,"template":"","format":"standard","meta":{"footnotes":""},"categories":[61,18561],"tags":[6370,9062],"class_list":["post-1250690","post","type-post","status-publish","format-standard","has-post-thumbnail","hentry","category-legislacion","category-society-politics","tag-congreso-de-guerrero","tag-gabriela-bernal-resendiz"],"_links":{"self":[{"href":"https:\/\/www.acapulcopress.com\/index.php\/wp-json\/wp\/v2\/posts\/1250690","targetHints":{"allow":["GET"]}}],"collection":[{"href":"https:\/\/www.acapulcopress.com\/index.php\/wp-json\/wp\/v2\/posts"}],"about":[{"href":"https:\/\/www.acapulcopress.com\/index.php\/wp-json\/wp\/v2\/types\/post"}],"author":[{"embeddable":true,"href":"https:\/\/www.acapulcopress.com\/index.php\/wp-json\/wp\/v2\/users\/2"}],"replies":[{"embeddable":true,"href":"https:\/\/www.acapulcopress.com\/index.php\/wp-json\/wp\/v2\/comments?post=1250690"}],"version-history":[{"count":0,"href":"https:\/\/www.acapulcopress.com\/index.php\/wp-json\/wp\/v2\/posts\/1250690\/revisions"}],"wp:featuredmedia":[{"embeddable":true,"href":"https:\/\/www.acapulcopress.com\/index.php\/wp-json\/"}],"wp:attachment":[{"href":"https:\/\/www.acapulcopress.com\/index.php\/wp-json\/wp\/v2\/media?parent=1250690"}],"wp:term":[{"taxonomy":"category","embeddable":true,"href":"https:\/\/www.acapulcopress.com\/index.php\/wp-json\/wp\/v2\/categories?post=1250690"},{"taxonomy":"post_tag","embeddable":true,"href":"https:\/\/www.acapulcopress.com\/index.php\/wp-json\/wp\/v2\/tags?post=1250690"}],"curies":[{"name":"wp","href":"https:\/\/api.w.org\/{rel}","templated":true}]}}