{"id":1250703,"date":"2023-02-08T21:52:52","date_gmt":"2023-02-09T03:52:52","guid":{"rendered":"https:\/\/www.acapulcopress.com\/?p=1250703"},"modified":"2023-02-08T21:52:52","modified_gmt":"2023-02-09T03:52:52","slug":"inaugura-secretario-de-educacion-aulas-en-la-telesecundaria-emiliano-zapata","status":"publish","type":"post","link":"https:\/\/www.acapulcopress.com\/index.php\/2023\/02\/08\/inaugura-secretario-de-educacion-aulas-en-la-telesecundaria-emiliano-zapata\/","title":{"rendered":"Inaugura secretario de Educaci\u00f3n aulas en la telesecundaria \u201cEmiliano Zapata\u201d"},"content":{"rendered":"<p style=\"text-align: justify;\">CHILPANCINGO * 8 de febrero de 2023.<br \/>\n<em>) SEG<\/em><br \/>\nEl gobierno de Guerrero, a trav\u00e9s de la Comisi\u00f3n de la Infraestructura F\u00edsica Educativa, <img loading=\"lazy\" decoding=\"async\" class=\"alignleft size-medium wp-image-1250706\" src=\"https:\/\/www.acapulcopress.com\/wp-content\/uploads\/2023\/02\/SEG-AULAS3-375x211.jpg\" alt=\"\" width=\"375\" height=\"211\" \/>realiz\u00f3 mejoras en la telesecundaria Emiliano Zapata de esta capital para dignificar las condiciones educativas de la comunidad estudiantil.<\/p>\n<p style=\"text-align: justify;\">La obra tuvo una inversi\u00f3n de un mill\u00f3n 719 mil pesos y consisti\u00f3 en la construcci\u00f3n de dos aulas y una barda perimetral en la telesecundaria ubicada en la populosa colonia CNOP de Chilpancingo; ah\u00ed la directora del plantel Romanita Ramos Mondrag\u00f3n, expres\u00f3 su agradecimiento a la gobernadora, Evelyn Salgado Pineda, por el apoyo en infraestructura educativa.<\/p>\n<p style=\"text-align: justify;\">La inauguraci\u00f3n estuvo a cargo del secretario de educaci\u00f3n Marcial Rodr\u00edguez Salda\u00f1a quien inform\u00f3 que este a\u00f1o se fortalecer\u00e1 de manera considerable la infraestructura en el <img loading=\"lazy\" decoding=\"async\" class=\"alignleft size-medium wp-image-1250707\" src=\"https:\/\/www.acapulcopress.com\/wp-content\/uploads\/2023\/02\/SEG-AULAS4-375x195.jpg\" alt=\"\" width=\"375\" height=\"195\" \/>sector educativo, un ejemplo de ello, dijo, es la apertura de 5 nuevas sedes del programa de universidades para el Bienestar \u00abBenito Ju\u00e1rez\u00bb, en los municipios de Quechultenango, Teloloapan, Taxco, Huitzuco y Atlixtac.<\/p>\n<p style=\"text-align: justify;\">As\u00ed como la inversi\u00f3n de 54 millones de pesos para fortalecer la infraestructura de la extensi\u00f3n de la Universidad Polit\u00e9cnica en Coyuca de Ben\u00edtez y de la Universidad Tecnol\u00f3gica de la Sierra de Guerrero, ubicada en Tlacotepec.<\/p>\n<p style=\"text-align: justify;\">Agreg\u00f3 que tambi\u00e9n las escuelas de educaci\u00f3n b\u00e1sica se seguir\u00e1n fortaleciendo, al ser una prioridad de este gobierno que los ni\u00f1os est\u00e9n en escuelas que tengan condiciones dignas <img loading=\"lazy\" decoding=\"async\" class=\"alignleft size-medium wp-image-1250705\" src=\"https:\/\/www.acapulcopress.com\/wp-content\/uploads\/2023\/02\/SEG-AULAS2-375x169.jpg\" alt=\"\" width=\"375\" height=\"169\" \/>para que puedan desarrollar sus actividades educativas.<\/p>\n<p style=\"text-align: justify;\">Convoc\u00f3 a las madres y padres de familia a inscribir a sus hijos, a promover campa\u00f1as de prevenci\u00f3n de la violencia y del consumo de drogas, a impulsar el deporte y las actividades art\u00edsticas y culturales, como estrategias para complementar la educaci\u00f3n formal y as\u00ed generar ciudadanos con valores que puedan realizar aportes a la sociedad\u00a0en\u00a0su\u00a0conjunto.<\/p>\n<p style=\"text-align: justify;\"><em>) S\u00edguenos en nuestra fanpage de Facebook | @<a href=\"https:\/\/www.facebook.com\/acapulcopress.news\" target=\"_blank\" rel=\"noopener\">AcapulcoPress<\/a><\/em><\/p>\n","protected":false},"excerpt":{"rendered":"<p>CHILPANCINGO * 8 de febrero de 2023. ) SEG El gobierno de Guerrero, a trav\u00e9s de la Comisi\u00f3n de la Infraestructura F\u00edsica Educativa, realiz\u00f3 mejoras en la telesecundaria Emiliano Zapata de esta capital para dignificar las condiciones educativas de la comunidad estudiantil. La obra tuvo una inversi\u00f3n de un mill\u00f3n 719 mil pesos y consisti\u00f3&#8230;<\/p>\n","protected":false},"author":2,"featured_media":1250704,"comment_status":"closed","ping_status":"closed","sticky":false,"template":"","format":"standard","meta":{"footnotes":""},"categories":[18561,2081],"tags":[6113,12457,16362],"class_list":["post-1250703","post","type-post","status-publish","format-standard","has-post-thumbnail","hentry","category-society-politics","category-seg","tag-comision-de-la-infraestructura-fisica-educativa","tag-marcial-rodriguez-saldana","tag-seg"],"_links":{"self":[{"href":"https:\/\/www.acapulcopress.com\/index.php\/wp-json\/wp\/v2\/posts\/1250703","targetHints":{"allow":["GET"]}}],"collection":[{"href":"https:\/\/www.acapulcopress.com\/index.php\/wp-json\/wp\/v2\/posts"}],"about":[{"href":"https:\/\/www.acapulcopress.com\/index.php\/wp-json\/wp\/v2\/types\/post"}],"author":[{"embeddable":true,"href":"https:\/\/www.acapulcopress.com\/index.php\/wp-json\/wp\/v2\/users\/2"}],"replies":[{"embeddable":true,"href":"https:\/\/www.acapulcopress.com\/index.php\/wp-json\/wp\/v2\/comments?post=1250703"}],"version-history":[{"count":0,"href":"https:\/\/www.acapulcopress.com\/index.php\/wp-json\/wp\/v2\/posts\/1250703\/revisions"}],"wp:featuredmedia":[{"embeddable":true,"href":"https:\/\/www.acapulcopress.com\/index.php\/wp-json\/"}],"wp:attachment":[{"href":"https:\/\/www.acapulcopress.com\/index.php\/wp-json\/wp\/v2\/media?parent=1250703"}],"wp:term":[{"taxonomy":"category","embeddable":true,"href":"https:\/\/www.acapulcopress.com\/index.php\/wp-json\/wp\/v2\/categories?post=1250703"},{"taxonomy":"post_tag","embeddable":true,"href":"https:\/\/www.acapulcopress.com\/index.php\/wp-json\/wp\/v2\/tags?post=1250703"}],"curies":[{"name":"wp","href":"https:\/\/api.w.org\/{rel}","templated":true}]}}