{"id":1250709,"date":"2023-02-08T22:08:01","date_gmt":"2023-02-09T04:08:01","guid":{"rendered":"https:\/\/www.acapulcopress.com\/?p=1250709"},"modified":"2023-02-08T22:08:01","modified_gmt":"2023-02-09T04:08:01","slug":"traidores-a-mexico-calumnia-electoral-de-morena","status":"publish","type":"post","link":"https:\/\/www.acapulcopress.com\/index.php\/2023\/02\/08\/traidores-a-mexico-calumnia-electoral-de-morena\/","title":{"rendered":"&#8216;Traidores a M\u00e9xico\u2019, calumnia electoral de Morena"},"content":{"rendered":"<p style=\"text-align: justify;\">CIUDAD DE M\u00c9XICO * 8 de febrero de 2023.<br \/>\n<em>) <a href=\"https:\/\/www.forbes.com.mx\/campana-de-morena-de-traidores-a-mexico-fue-calumnia-electoral-tepjf\/\" target=\"_blank\" rel=\"noopener\">Forbes M\u00e9xico<\/a><\/em><br \/>\nLa Sala Superior del Tribunal Electoral del Poder Judicial de la Federaci\u00f3n (TEPJF) determin\u00f3 que constituyeron una \u201ccalumnia electoral\u201d los promocionales de Morena en los que se <img loading=\"lazy\" decoding=\"async\" class=\"alignleft size-medium wp-image-1250711\" src=\"https:\/\/www.acapulcopress.com\/wp-content\/uploads\/2023\/02\/mario-delgado-375x211.webp\" alt=\"\" width=\"375\" height=\"211\" \/>calific\u00f3 como \u201ctraidores a M\u00e9xico\u201d a diputados de la oposici\u00f3n que votaron en contra de la reforma el\u00e9ctrica del presidente Andr\u00e9s Manuel L\u00f3pez Obrador.<\/p>\n<p style=\"text-align: justify;\">Esto, despu\u00e9s de las quejas que presentaron el PRI y Movimiento Ciudadano en contra de Morena por la difusi\u00f3n de diversos promocionales en el marco de los procesos electorales locales 2021-2022, en los que se afirmaba que los pol\u00edticos oposici\u00f3n ser\u00edan recordados como \u201ctraidores a M\u00e9xico\u201d por ir en contra de la reforma del mandatario federal.<\/p>\n<p style=\"text-align: justify;\">A propuesta del magistrado Felipe Alfredo Fuentes Barrera, el pleno de la Sala Superior se\u00f1al\u00f3 que los promocionales denunciados no pueden considerarse como cr\u00edticas severas que est\u00e9n amparadas por la libertad de expresi\u00f3n, sino que constituyen calumnia electoral.<\/p>\n<p style=\"text-align: justify;\">Lo anterior, porque Morena utiliz\u00f3 informaci\u00f3n inexacta e im\u00e1genes alteradas para imputar directamente el delito de traici\u00f3n a la patria con la intenci\u00f3n de da\u00f1ar la imagen de los partidos pol\u00edticos cuyos legisladores votaron en contra de la reforma de L\u00f3pez Obrador.<\/p>\n<p style=\"text-align: justify;\">Los magistrados coincidieron en que que la expresi\u00f3n \u201ctraidores a M\u00e9xico\u201d no tiene la finalidad de emitir una cr\u00edtica o generar un debate pol\u00edtico en torno a la reforma el\u00e9ctrica, sino imputar un delito establecido en el C\u00f3digo Penal Federal.<\/p>\n<p style=\"text-align: justify;\">Ante ello, la Sala Superior del Tribunal electoral revoc\u00f3 parcialmente la sentencia impugnada, a efecto de que la Sala Regional emita una nueva, en la que tenga por acreditada la infracci\u00f3n y determine si Morena incurri\u00f3 en uso indebido de la pauta.<\/p>\n<p style=\"text-align: justify;\">En 2022, Morena difundi\u00f3 en redes sociales una campa\u00f1a para exhibir a los diputados de la oposici\u00f3n \u2014de los partidos PAN, PRI, PRD y MC\u2014 que votaron en contra de la reforma el\u00e9ctrica de Andr\u00e9s Manuel L\u00f3pez Obrador.<\/p>\n<p><em>) S\u00edguenos en nuestra fanpage de Facebook | @<a href=\"https:\/\/www.facebook.com\/acapulcopress.news\" target=\"_blank\" rel=\"noopener\">AcapulcoPress<\/a><\/em><\/p>\n","protected":false},"excerpt":{"rendered":"<p>CIUDAD DE M\u00c9XICO * 8 de febrero de 2023. ) Forbes M\u00e9xico La Sala Superior del Tribunal Electoral del Poder Judicial de la Federaci\u00f3n (TEPJF) determin\u00f3 que constituyeron una \u201ccalumnia electoral\u201d los promocionales de Morena en los que se calific\u00f3 como \u201ctraidores a M\u00e9xico\u201d a diputados de la oposici\u00f3n que votaron en contra de la&#8230;<\/p>\n","protected":false},"author":2,"featured_media":1250710,"comment_status":"closed","ping_status":"closed","sticky":false,"template":"","format":"standard","meta":{"footnotes":""},"categories":[1997],"tags":[2535,3896,17391],"class_list":["post-1250709","post","type-post","status-publish","format-standard","has-post-thumbnail","hentry","category-noticias-destacadas","tag-traidores-a-mexico","tag-andres-manuel-lopez-obrador","tag-tribunal-electoral-del-poder-judicial-de-la-federacion-tepjf"],"_links":{"self":[{"href":"https:\/\/www.acapulcopress.com\/index.php\/wp-json\/wp\/v2\/posts\/1250709","targetHints":{"allow":["GET"]}}],"collection":[{"href":"https:\/\/www.acapulcopress.com\/index.php\/wp-json\/wp\/v2\/posts"}],"about":[{"href":"https:\/\/www.acapulcopress.com\/index.php\/wp-json\/wp\/v2\/types\/post"}],"author":[{"embeddable":true,"href":"https:\/\/www.acapulcopress.com\/index.php\/wp-json\/wp\/v2\/users\/2"}],"replies":[{"embeddable":true,"href":"https:\/\/www.acapulcopress.com\/index.php\/wp-json\/wp\/v2\/comments?post=1250709"}],"version-history":[{"count":0,"href":"https:\/\/www.acapulcopress.com\/index.php\/wp-json\/wp\/v2\/posts\/1250709\/revisions"}],"wp:featuredmedia":[{"embeddable":true,"href":"https:\/\/www.acapulcopress.com\/index.php\/wp-json\/"}],"wp:attachment":[{"href":"https:\/\/www.acapulcopress.com\/index.php\/wp-json\/wp\/v2\/media?parent=1250709"}],"wp:term":[{"taxonomy":"category","embeddable":true,"href":"https:\/\/www.acapulcopress.com\/index.php\/wp-json\/wp\/v2\/categories?post=1250709"},{"taxonomy":"post_tag","embeddable":true,"href":"https:\/\/www.acapulcopress.com\/index.php\/wp-json\/wp\/v2\/tags?post=1250709"}],"curies":[{"name":"wp","href":"https:\/\/api.w.org\/{rel}","templated":true}]}}