{"id":1250734,"date":"2023-02-09T18:27:52","date_gmt":"2023-02-10T00:27:52","guid":{"rendered":"https:\/\/www.acapulcopress.com\/?p=1250734"},"modified":"2023-02-09T18:27:52","modified_gmt":"2023-02-10T00:27:52","slug":"los-grandes-proyectos-par-chilpancingo","status":"publish","type":"post","link":"https:\/\/www.acapulcopress.com\/index.php\/2023\/02\/09\/los-grandes-proyectos-par-chilpancingo\/","title":{"rendered":"Los grandes proyectos par Chilpancingo"},"content":{"rendered":"<p style=\"text-align: justify;\">Marem\u00e1gnum<br \/>\n\u00bb RICARDO | CASTILLO BARRIENTOS<br \/>\n<em>) Facebook: @<a href=\"https:\/\/www.facebook.com\/ricardocastill01\" target=\"_blank\" rel=\"noopener\">RicardoCastill01<\/a><\/em><\/p>\n<p style=\"text-align: justify;\">Invariablemente, siempre se comenta que la capital del estado de Guerrero es considerada como la peor ciudad de la Rep\u00fablica mexicana, en imagen urbana. Sin atractivos que mostrar a visitantes, y s\u00ed, un c\u00famulo de problemas que saltan a la vista.<\/p>\n<p style=\"text-align: justify;\">Gobernantes de los tres niveles han ofrecido atenci\u00f3n y soluci\u00f3n a la problem\u00e1tica que le aqueja desde hace d\u00e9cadas y que sigue vigente.<\/p>\n<p style=\"text-align: justify;\">La escasez de agua en Chilpancingo viene generando conflictos sociales que afecta a toda la poblaci\u00f3n. Los bloqueos de calles son constantes y los capitalinos se ven obligados a caminar largas distancias ante la frecuente interrupci\u00f3n del servicio del transporte p\u00fablico.<\/p>\n<p style=\"text-align: justify;\">Se han pretendido soluciones, sin embargo, los intentos han sido fallidos o puros paliativos. No habido soluci\u00f3n definitiva, cuando algunos especialistas han emitido opiniones proponiendo que el r\u00edo Mezcala se convierta en la principal fuente de abastecimiento de la capital del estado. Las fuentes de captaci\u00f3n de Omiltemi, Acahuizotla y Mochitl\u00e1n, ya dieron todo lo que deben de dar. No hay darle m\u00e1s vueltas, se requiere una fuerte inversi\u00f3n que podr\u00eda ejecutarse en varias etapas y en un periodo transexenal.<\/p>\n<p style=\"text-align: justify;\">Otro gran proyecto consistir\u00eda en el embodegamiento y saneamiento del r\u00edo Huacapa, que atraviesa a la ciudad como un c\u00e1ncer maligno; no se conocen proyectos institucionales tendientes al mejoramiento ambiental y urbano, en esa importante v\u00eda citadina. \u00c1lgido tema pendiente de la agenda ambiental.<\/p>\n<p style=\"text-align: justify;\">En el a\u00f1o 2012, durante el gobierno de \u00c1ngel Aguirre, se anunci\u00f3 con bombo y platillo, la modernizaci\u00f3n del transporte urbano en las ciudades de Chilpancingo y Acapulco, con la construcci\u00f3n del \u201cAcab\u00fas\u00bb y \u201cChilpob\u00fas\u201d. El primero logr\u00f3 concluirse durante el gobierno de H\u00e9ctor Astudillo y el segundo, no logr\u00f3 arrancar ante la intempestiva salida del gobernador Aguirre Rivero. Es otra tarea pendiente, como tambi\u00e9n la conclusi\u00f3n del bulevar del r\u00edo Huacapa.<\/p>\n<p style=\"text-align: justify;\">* Marea Baja.- A prop\u00f3sito del transporte urbano, las autoridades en la materia no han querido atorarle y poner todo su empe\u00f1o y dedicaci\u00f3n por encontrar salidas adecuadas que dejen satisfechos tanto a transportistas como usuarios. No es as\u00ed porque los choferes de Acapulco han impuesto sus propias tarifas sin autorizaci\u00f3n del gobierno estatal, mientras que en Chilpancingo, se mantienen hasta el momento inalterables.<\/p>\n<p style=\"text-align: justify;\">Se argumenta que la anarqu\u00eda en este sector obedece a la infiltraci\u00f3n de bandas criminales, que se refleja con las muertes de decenas de transportistas, en las principales ciudades del estado y de vez en cuando, con el estrangulamiento por bloqueos de las principales arterias de Acapulco.<\/p>\n<p style=\"text-align: justify;\">* Marea Alta.- El intempestivo anuncio de la Secretar\u00eda de Infraestructura, Comunicaciones y Transportes (SICT), del incremento del 7.82 por ciento de las tarifas de carreteras, vendr\u00e1 a impactar la econom\u00eda de los guerrerense al acelerar el proceso inflacionario, por los bienes y servicios que se prestan a trav\u00e9s de esas v\u00edas de comunicaci\u00f3n. El viaje redondo Acapulco-CDMX, sube de mil 338 a mil 402 pesos, que significa 64 pesos m\u00e1s, del costo de la anterior tarifa.<\/p>\n<p style=\"text-align: justify;\">Como si no bastara, la CFE hizo un ligero aumento en sus tarifas de servicio dom\u00e9stico de 2 a 6 centavos el kilowatt. Aunque el incremento es aparentemente insignificante, pianpianito llena su buche el pollito (CFE).<\/p>\n<p style=\"text-align: justify;\">* Maremoto.- Sin \u00e1nimo de alarmar, resulta alarmante el elevado n\u00famero de desplazados guerrerense que va increscendo, o incrementando progresivamente, en zonas y regiones donde la violencia y los grupos criminales han sentado sus reales y tomado como rehenes a poblaciones enteras, frente a la pasividad de autoridades incompetentes que llegan a ofrecer apoyos de manera extempor\u00e1nea, despu\u00e9s de acontecidos los sucesos que enlutan a hogares, principalmente campesinos.<\/p>\n<p style=\"text-align: justify;\">Miles de habitantes de las regiones de la Tierra Caliente, Costa Grande, Monta\u00f1a Baja y Centro, se han visto obligados a abandonar sus comunidades en busca de refugio en otros municipios, donde vivan m\u00e1s tranquilos, sin poner en riesgo la integridad de sus familias, amenazadas en sus comunidades de origen.<\/p>\n<p style=\"text-align: justify;\">Se afirma que Guerrero, es la entidad federativa con la m\u00e1s alta cifra de desplazados del pa\u00eds y que podr\u00eda afectar a casi 30 mil personas.<\/p>\n<p style=\"text-align: justify;\">Se requiere una atenci\u00f3n inmediata y permanente hasta que se restablezcan las condiciones para retornar a sus lugares de origen. Urge un programa especial con presupuesto propio que atiendan a nuestros paisanos en desgracia.<\/p>\n<p style=\"text-align: justify;\"><em>) S\u00edguenos en nuestra fanpage de Facebook | @<a href=\"https:\/\/www.facebook.com\/acapulcopress.news\" target=\"_blank\" rel=\"noopener\"><span class=\"xv78j7m\" spellcheck=\"false\">Acapulco Press<\/span><\/a><\/em><\/p>\n","protected":false},"excerpt":{"rendered":"<p>Marem\u00e1gnum \u00bb RICARDO | CASTILLO BARRIENTOS ) Facebook: @RicardoCastill01 Invariablemente, siempre se comenta que la capital del estado de Guerrero es considerada como la peor ciudad de la Rep\u00fablica mexicana, en imagen urbana. Sin atractivos que mostrar a visitantes, y s\u00ed, un c\u00famulo de problemas que saltan a la vista. Gobernantes de los tres niveles&#8230;<\/p>\n","protected":false},"author":2,"featured_media":1250735,"comment_status":"closed","ping_status":"closed","sticky":false,"template":"","format":"standard","meta":{"footnotes":""},"categories":[2071,1991],"tags":[3383,9291,12503,15574],"class_list":["post-1250734","post","type-post","status-publish","format-standard","has-post-thumbnail","hentry","category-opinion-analisis-columnas","category-libertad-de-expresion","tag-agua-chilpancinggo","tag-gobierno-de-chilpancingo","tag-maremagnum","tag-ricardo-castillo-barriento"],"_links":{"self":[{"href":"https:\/\/www.acapulcopress.com\/index.php\/wp-json\/wp\/v2\/posts\/1250734","targetHints":{"allow":["GET"]}}],"collection":[{"href":"https:\/\/www.acapulcopress.com\/index.php\/wp-json\/wp\/v2\/posts"}],"about":[{"href":"https:\/\/www.acapulcopress.com\/index.php\/wp-json\/wp\/v2\/types\/post"}],"author":[{"embeddable":true,"href":"https:\/\/www.acapulcopress.com\/index.php\/wp-json\/wp\/v2\/users\/2"}],"replies":[{"embeddable":true,"href":"https:\/\/www.acapulcopress.com\/index.php\/wp-json\/wp\/v2\/comments?post=1250734"}],"version-history":[{"count":0,"href":"https:\/\/www.acapulcopress.com\/index.php\/wp-json\/wp\/v2\/posts\/1250734\/revisions"}],"wp:featuredmedia":[{"embeddable":true,"href":"https:\/\/www.acapulcopress.com\/index.php\/wp-json\/"}],"wp:attachment":[{"href":"https:\/\/www.acapulcopress.com\/index.php\/wp-json\/wp\/v2\/media?parent=1250734"}],"wp:term":[{"taxonomy":"category","embeddable":true,"href":"https:\/\/www.acapulcopress.com\/index.php\/wp-json\/wp\/v2\/categories?post=1250734"},{"taxonomy":"post_tag","embeddable":true,"href":"https:\/\/www.acapulcopress.com\/index.php\/wp-json\/wp\/v2\/tags?post=1250734"}],"curies":[{"name":"wp","href":"https:\/\/api.w.org\/{rel}","templated":true}]}}