{"id":1250771,"date":"2023-02-09T19:12:20","date_gmt":"2023-02-10T01:12:20","guid":{"rendered":"https:\/\/www.acapulcopress.com\/?p=1250771"},"modified":"2023-02-09T19:12:20","modified_gmt":"2023-02-10T01:12:20","slug":"senador-anorve-propone-remover-a-funcionarios-que-incumplan-con-su-trabajo","status":"publish","type":"post","link":"https:\/\/www.acapulcopress.com\/index.php\/2023\/02\/09\/senador-anorve-propone-remover-a-funcionarios-que-incumplan-con-su-trabajo\/","title":{"rendered":"Senador A\u00f1orve propone remover a funcionarios que incumplan con su trabajo"},"content":{"rendered":"<p style=\"text-align: justify;\">CIUDAD DE M\u00c9XICO * 9 de febrero de 2023.<br \/>\n) Especial<br \/>\nA nombre de la bancada del Partido Revolucionario Institucional en el Senado de la Rep\u00fablica, el senador guerrerense Manuel A\u00f1orve Ba\u00f1os present\u00f3 una iniciativa de reforma al art\u00edculo 93 de la Constituci\u00f3n que permitir\u00eda la remoci\u00f3n de secretarios de Estado y subsecretarios, o de los directores y administradores de las entidades paraestatales, con el voto de la mayor\u00eda absoluta de ambas c\u00e1maras, cuando no cumplan con su deber o cuando sea evidente su mal desempe\u00f1o.<\/p>\n<p style=\"text-align: justify;\">Durante la sesi\u00f3n ordinaria, el senador pri\u00edsta expuso que esta iniciativa busca facultar a este Congreso para que puedan actuar en defensa de las y los mexicanos.<\/p>\n<p style=\"text-align: justify;\">\u201cNo podemos quedarnos s\u00f3lo con denunciar los errores, casi criminales como el caso del subsecretario de Salud, Hugo L\u00f3pez Gatell, con el mal manejo de la pandemia\u201d, expuso el vicecoordinador del PRI.<\/p>\n<p style=\"text-align: justify;\">Argument\u00f3 que en Francia, Argentina, Per\u00fa e incluso en Venezuela existe una figura jur\u00eddica de remoci\u00f3n de censura contra el gabinete del Ejecutivo, lo cual no ocurre en M\u00e9xico por el exacerbado presidencialismo que se vive.<\/p>\n<p style=\"text-align: justify;\">En tribuna, A\u00f1orve Ba\u00f1os dijo que en M\u00e9xico los funcionarios no rinden cuentas, ni existe un verdadero control pol\u00edtico por parte del Congreso con el gabinete presidencial y en su caso removerlos de su cargo.<\/p>\n<p style=\"text-align: justify;\">Ante ello, propuso que cualquiera de las c\u00e1maras, por el voto de la mayor\u00eda absoluta de la totalidad de sus miembros, podr\u00e1 solicitar la remoci\u00f3n de uno o m\u00e1s secretarios de Estado, subsecretarios, o de los directores y administradores de las entidades paraestatales.<\/p>\n<p style=\"text-align: justify;\">Asimismo, determinar que dicha solicitud de remoci\u00f3n deber\u00e1 ser aprobada por el voto de la mayor\u00eda absoluta de los miembros de cada una de las c\u00e1maras del Congreso de la Uni\u00f3n.<\/p>\n<p style=\"text-align: justify;\">Cabe recordar que a pesar de que existen m\u00e1s de 20 solicitudes, puntos de acuerdo y exhortos para que Hugo L\u00f3pez-Gatell comparezca ante el Senado por el manejo de la pandemia, uso de cubre bocas, el programa<em> Qu\u00e9date en Casa,<\/em> las cifras de alta mortalidad por el Covid-19 con m\u00e1s de 332 mil fallecidos oficialmente, la mayor\u00eda de Morena ha impedido llamarlo a cuentas.<\/p>\n<p style=\"text-align: justify;\"><em>) S\u00edguenos en nuestra fanpage de Facebook | @<a href=\"https:\/\/www.facebook.com\/acapulcopress.news\" target=\"_blank\" rel=\"noopener\">AcapulcoPress<\/a><\/em><\/p>\n","protected":false},"excerpt":{"rendered":"<p>CIUDAD DE M\u00c9XICO * 9 de febrero de 2023. ) Especial A nombre de la bancada del Partido Revolucionario Institucional en el Senado de la Rep\u00fablica, el senador guerrerense Manuel A\u00f1orve Ba\u00f1os present\u00f3 una iniciativa de reforma al art\u00edculo 93 de la Constituci\u00f3n que permitir\u00eda la remoci\u00f3n de secretarios de Estado y subsecretarios, o de&#8230;<\/p>\n","protected":false},"author":2,"featured_media":1250754,"comment_status":"closed","ping_status":"closed","sticky":false,"template":"","format":"standard","meta":{"footnotes":""},"categories":[1972,61,18561],"tags":[12366,14304,14914,16471],"class_list":["post-1250771","post","type-post","status-publish","format-standard","has-post-thumbnail","hentry","category-special","category-legislacion","category-society-politics","tag-manuel-anorve-banos","tag-partido-revolucionario-institucional-pri","tag-pri","tag-senado-de-la-republica"],"_links":{"self":[{"href":"https:\/\/www.acapulcopress.com\/index.php\/wp-json\/wp\/v2\/posts\/1250771","targetHints":{"allow":["GET"]}}],"collection":[{"href":"https:\/\/www.acapulcopress.com\/index.php\/wp-json\/wp\/v2\/posts"}],"about":[{"href":"https:\/\/www.acapulcopress.com\/index.php\/wp-json\/wp\/v2\/types\/post"}],"author":[{"embeddable":true,"href":"https:\/\/www.acapulcopress.com\/index.php\/wp-json\/wp\/v2\/users\/2"}],"replies":[{"embeddable":true,"href":"https:\/\/www.acapulcopress.com\/index.php\/wp-json\/wp\/v2\/comments?post=1250771"}],"version-history":[{"count":0,"href":"https:\/\/www.acapulcopress.com\/index.php\/wp-json\/wp\/v2\/posts\/1250771\/revisions"}],"wp:featuredmedia":[{"embeddable":true,"href":"https:\/\/www.acapulcopress.com\/index.php\/wp-json\/"}],"wp:attachment":[{"href":"https:\/\/www.acapulcopress.com\/index.php\/wp-json\/wp\/v2\/media?parent=1250771"}],"wp:term":[{"taxonomy":"category","embeddable":true,"href":"https:\/\/www.acapulcopress.com\/index.php\/wp-json\/wp\/v2\/categories?post=1250771"},{"taxonomy":"post_tag","embeddable":true,"href":"https:\/\/www.acapulcopress.com\/index.php\/wp-json\/wp\/v2\/tags?post=1250771"}],"curies":[{"name":"wp","href":"https:\/\/api.w.org\/{rel}","templated":true}]}}