{"id":1250775,"date":"2023-02-09T19:39:02","date_gmt":"2023-02-10T01:39:02","guid":{"rendered":"https:\/\/www.acapulcopress.com\/?p=1250775"},"modified":"2023-02-09T19:39:02","modified_gmt":"2023-02-10T01:39:02","slug":"reconoce-gobernadora-compromiso-de-la-mesa-de-seguridad-con-la-paz-de-guerrero","status":"publish","type":"post","link":"https:\/\/www.acapulcopress.com\/index.php\/2023\/02\/09\/reconoce-gobernadora-compromiso-de-la-mesa-de-seguridad-con-la-paz-de-guerrero\/","title":{"rendered":"Reconoce Gobernadora compromiso de la Mesa de Seguridad con la paz de Guerrero"},"content":{"rendered":"<p style=\"text-align: justify;\">CHILPANCINGO * 9 de febrero de 2023.<br \/>\n<em>) Gobierno de Guerrero<\/em><br \/>\nLa gobernadora Evelyn Salgado Pineda, encabez\u00f3 los trabajos de la Mesa de Coordinaci\u00f3n para la Construcci\u00f3n de la Paz, donde reconoci\u00f3 el apoyo de las instituciones de seguridad y de las fuerzas armadas para garantizar la gobernabilidad y la estabilidad social, a trav\u00e9s de acuerdos y acciones para lograr reducir los \u00edndices delictivos y mejorar las condiciones de bienestar en el estado.<\/p>\n<p style=\"text-align: justify;\">En la sesi\u00f3n, la mandataria estatal dio seguimiento a los consensos logrados con pobladores de diversas localidades de la Sierra de Tecpan y Petatl\u00e1n en la Costa Grande, donde se acord\u00f3 restablecer la actividad educativa, adem\u00e1s de reforzar la seguridad en la zona a trav\u00e9s de una Base de Operaciones Mixtas para atender las comunidades de Santa Rosa de Lima, El Parotal, Mameycito, Corrales, Durazno, Arroyo Verde y El Porvenir y lugares circunvecinos.<\/p>\n<p style=\"text-align: justify;\">La gobernadora Evelyn Salgado Pineda, y la Mesa de Coordinaci\u00f3n para la Construcci\u00f3n de la Paz, refrendaron su compromiso con la seguridad de la poblaci\u00f3n bajo una estrategia de apertura de di\u00e1logo y de proximidad social para prevenir los delitos que afecten la paz y tranquilidad de las y los\u00a0guerrerenses.<\/p>\n<p style=\"text-align: justify;\"><em>) S\u00edguenos en nuestra fanpage de Facebook | @<a href=\"https:\/\/www.facebook.com\/acapulcopress.news\" target=\"_blank\" rel=\"noopener\">AcapulcoPress<\/a><\/em><\/p>\n","protected":false},"excerpt":{"rendered":"<p>CHILPANCINGO * 9 de febrero de 2023. ) Gobierno de Guerrero La gobernadora Evelyn Salgado Pineda, encabez\u00f3 los trabajos de la Mesa de Coordinaci\u00f3n para la Construcci\u00f3n de la Paz, donde reconoci\u00f3 el apoyo de las instituciones de seguridad y de las fuerzas armadas para garantizar la gobernabilidad y la estabilidad social, a trav\u00e9s de&#8230;<\/p>\n","protected":false},"author":2,"featured_media":1250776,"comment_status":"closed","ping_status":"closed","sticky":false,"template":"","format":"standard","meta":{"footnotes":""},"categories":[1969,2005],"tags":[8251,12964],"class_list":["post-1250775","post","type-post","status-publish","format-standard","has-post-thumbnail","hentry","category-trending","category-seguridad-y-justicia","tag-evelyn-salgado-pineda","tag-mesa-de-coordinacion-para-la-construccion-de-la-paz"],"_links":{"self":[{"href":"https:\/\/www.acapulcopress.com\/index.php\/wp-json\/wp\/v2\/posts\/1250775","targetHints":{"allow":["GET"]}}],"collection":[{"href":"https:\/\/www.acapulcopress.com\/index.php\/wp-json\/wp\/v2\/posts"}],"about":[{"href":"https:\/\/www.acapulcopress.com\/index.php\/wp-json\/wp\/v2\/types\/post"}],"author":[{"embeddable":true,"href":"https:\/\/www.acapulcopress.com\/index.php\/wp-json\/wp\/v2\/users\/2"}],"replies":[{"embeddable":true,"href":"https:\/\/www.acapulcopress.com\/index.php\/wp-json\/wp\/v2\/comments?post=1250775"}],"version-history":[{"count":0,"href":"https:\/\/www.acapulcopress.com\/index.php\/wp-json\/wp\/v2\/posts\/1250775\/revisions"}],"wp:featuredmedia":[{"embeddable":true,"href":"https:\/\/www.acapulcopress.com\/index.php\/wp-json\/"}],"wp:attachment":[{"href":"https:\/\/www.acapulcopress.com\/index.php\/wp-json\/wp\/v2\/media?parent=1250775"}],"wp:term":[{"taxonomy":"category","embeddable":true,"href":"https:\/\/www.acapulcopress.com\/index.php\/wp-json\/wp\/v2\/categories?post=1250775"},{"taxonomy":"post_tag","embeddable":true,"href":"https:\/\/www.acapulcopress.com\/index.php\/wp-json\/wp\/v2\/tags?post=1250775"}],"curies":[{"name":"wp","href":"https:\/\/api.w.org\/{rel}","templated":true}]}}