{"id":1250796,"date":"2023-02-10T17:53:31","date_gmt":"2023-02-10T23:53:31","guid":{"rendered":"https:\/\/www.acapulcopress.com\/?p=1250796"},"modified":"2023-02-10T17:53:31","modified_gmt":"2023-02-10T23:53:31","slug":"titular-de-seg-presidio-aprobacion-del-programa-sectorial-en-educacion-2022-2027","status":"publish","type":"post","link":"https:\/\/www.acapulcopress.com\/index.php\/2023\/02\/10\/titular-de-seg-presidio-aprobacion-del-programa-sectorial-en-educacion-2022-2027\/","title":{"rendered":"Titular de SEG presidi\u00f3 aprobaci\u00f3n del Programa Sectorial en Educaci\u00f3n 2022-2027"},"content":{"rendered":"<p style=\"text-align: justify;\">CHILPANCINGO * 10 de febrero de 2023.<br \/>\n<em>) Secretar\u00eda de Educaci\u00f3n Guerrero<\/em><br \/>\nEl secretario de educaci\u00f3n en Guerrero, Marcial Rodr\u00edguez Salda\u00f1a, presidi\u00f3 la sesi\u00f3n de <img loading=\"lazy\" decoding=\"async\" class=\"alignleft size-medium wp-image-1250799\" src=\"https:\/\/www.acapulcopress.com\/wp-content\/uploads\/2023\/02\/SEG.MRS2_-1-375x191.jpg\" alt=\"\" width=\"375\" height=\"191\" \/>trabajo en donde se aprob\u00f3 el Programa Sectorial de Educaci\u00f3n, Ciencia, Tecnolog\u00eda, Deporte y Recreaci\u00f3n 2022-2027, el cual se complementa con el Plan Estatal de Desarrollo.<\/p>\n<p style=\"text-align: justify;\">Rodr\u00edguez Salda\u00f1a manifest\u00f3 que la gobernadora Evelyn Salgado Pineda impulsa todos los d\u00edas la Cuarta Transformaci\u00f3n en Guerrero en especial en materia educativa, y agradeci\u00f3 la participaci\u00f3n de quienes colaboraron en la elaboraci\u00f3n de este programa sectorial.<\/p>\n<p style=\"text-align: justify;\">Asistieron a la reuni\u00f3n los subsecretarios Benjam\u00edn Adame Pereyra, de Planeaci\u00f3n Educativa; Ricardo Castillo Pe\u00f1a, de Educaci\u00f3n B\u00e1sica; Marco Antonio Marban Galv\u00e1n, de Educaci\u00f3n Media Superior y Superior; Geovanni Manrique Pastor, subsecretario de Planeaci\u00f3n; diversos representantes de las secretar\u00edas del Gabinete, Rectores y\u00a0 Directores de Universidades Tecnol\u00f3gicas; directores de la estructura de la SEG y de Organismos P\u00fablicos Descentralizados Sectorizados.<\/p>\n<p><em>) S\u00edguenos en nuestra fanpage de Facebook | @<a href=\"https:\/\/www.facebook.com\/acapulcopress.news\" target=\"_blank\" rel=\"noopener\">AcapulcoPress<\/a><\/em><\/p>\n","protected":false},"excerpt":{"rendered":"<p>CHILPANCINGO * 10 de febrero de 2023. ) Secretar\u00eda de Educaci\u00f3n Guerrero El secretario de educaci\u00f3n en Guerrero, Marcial Rodr\u00edguez Salda\u00f1a, presidi\u00f3 la sesi\u00f3n de trabajo en donde se aprob\u00f3 el Programa Sectorial de Educaci\u00f3n, Ciencia, Tecnolog\u00eda, Deporte y Recreaci\u00f3n 2022-2027, el cual se complementa con el Plan Estatal de Desarrollo. Rodr\u00edguez Salda\u00f1a manifest\u00f3 que&#8230;<\/p>\n","protected":false},"author":2,"featured_media":1250797,"comment_status":"closed","ping_status":"closed","sticky":false,"template":"","format":"standard","meta":{"footnotes":""},"categories":[18561,2081],"tags":[8251,12457,16169],"class_list":["post-1250796","post","type-post","status-publish","format-standard","has-post-thumbnail","hentry","category-society-politics","category-seg","tag-evelyn-salgado-pineda","tag-marcial-rodriguez-saldana","tag-secretaria-de-educacion-guerrero-seg"],"_links":{"self":[{"href":"https:\/\/www.acapulcopress.com\/index.php\/wp-json\/wp\/v2\/posts\/1250796","targetHints":{"allow":["GET"]}}],"collection":[{"href":"https:\/\/www.acapulcopress.com\/index.php\/wp-json\/wp\/v2\/posts"}],"about":[{"href":"https:\/\/www.acapulcopress.com\/index.php\/wp-json\/wp\/v2\/types\/post"}],"author":[{"embeddable":true,"href":"https:\/\/www.acapulcopress.com\/index.php\/wp-json\/wp\/v2\/users\/2"}],"replies":[{"embeddable":true,"href":"https:\/\/www.acapulcopress.com\/index.php\/wp-json\/wp\/v2\/comments?post=1250796"}],"version-history":[{"count":0,"href":"https:\/\/www.acapulcopress.com\/index.php\/wp-json\/wp\/v2\/posts\/1250796\/revisions"}],"wp:featuredmedia":[{"embeddable":true,"href":"https:\/\/www.acapulcopress.com\/index.php\/wp-json\/"}],"wp:attachment":[{"href":"https:\/\/www.acapulcopress.com\/index.php\/wp-json\/wp\/v2\/media?parent=1250796"}],"wp:term":[{"taxonomy":"category","embeddable":true,"href":"https:\/\/www.acapulcopress.com\/index.php\/wp-json\/wp\/v2\/categories?post=1250796"},{"taxonomy":"post_tag","embeddable":true,"href":"https:\/\/www.acapulcopress.com\/index.php\/wp-json\/wp\/v2\/tags?post=1250796"}],"curies":[{"name":"wp","href":"https:\/\/api.w.org\/{rel}","templated":true}]}}