{"id":1250802,"date":"2023-02-10T18:58:15","date_gmt":"2023-02-11T00:58:15","guid":{"rendered":"https:\/\/www.acapulcopress.com\/?p=1250802"},"modified":"2023-02-10T18:58:15","modified_gmt":"2023-02-11T00:58:15","slug":"prepara-parque-papagayo-acapulco-grandioso-dia-del-amor-y-la-amistad","status":"publish","type":"post","link":"https:\/\/www.acapulcopress.com\/index.php\/2023\/02\/10\/prepara-parque-papagayo-acapulco-grandioso-dia-del-amor-y-la-amistad\/","title":{"rendered":"Prepara Parque Papagayo Acapulco grandioso \u00abD\u00eda del Amor y la Amistad\u00bb"},"content":{"rendered":"<p style=\"text-align: justify;\">ACAPULCO * 10 de febrero de 2023.<br \/>\n<em>) Gobierno de Guerrero<\/em><br \/>\nPara celebrar el d\u00eda del amor y la amistad el Parque Papagayo prepara actividades desde <img loading=\"lazy\" decoding=\"async\" class=\"alignleft size-medium wp-image-1250807\" src=\"https:\/\/www.acapulcopress.com\/wp-content\/uploads\/2023\/02\/dia-del-amor5-375x281.jpg\" alt=\"\" width=\"375\" height=\"281\" \/>las 7:30 am. con el \u201cZumbat\u00f3n\u201d, y por la tarde un festival cultural a partir de las 17:00 horas.<\/p>\n<p style=\"text-align: justify;\">El director general del Parque Papagayo, Abel Luvio Villanueva inform\u00f3 que con el apoyo de la gobernadora Evelyn Salgado Pineda, el pr\u00f3ximo martes 14 de febrero el parque estar\u00e1 organizando una gran fiesta de amor y amistad a trav\u00e9s de diferentes din\u00e1micas.<\/p>\n<p style=\"text-align: justify;\">Desde las 7:30 de la ma\u00f1ana en la explanada de la pi\u00f1ata iniciar\u00e1 el \u201cZumbat\u00f3n\u201d, para que quienes deseen participar y ejercitarse lo puedan hacer en la clase gratuita.<\/p>\n<p style=\"text-align: justify;\">Por la tarde, a partir de las 17:00 horas en la explanada de las fuentes danzarinas, se llevar\u00e1 a cabo un festival cultural de m\u00fasica y folclor con diversos n\u00fameros art\u00edsticos que todos podr\u00e1n disfrutar.<\/p>\n<p style=\"text-align: justify;\"><img loading=\"lazy\" decoding=\"async\" class=\"alignleft size-medium wp-image-1250804\" src=\"https:\/\/www.acapulcopress.com\/wp-content\/uploads\/2023\/02\/dia-del-amor2-375x501.jpg\" alt=\"\" width=\"375\" height=\"501\" \/>Asimismo, Abel Luvio mencion\u00f3 que \u201cCupido\u201d estar\u00e1 seleccionando parejas para casarlas en el registro civil de chocolate que ser\u00e1 instalado en el parque.<\/p>\n<p style=\"text-align: justify;\">Coment\u00f3 que habr\u00e1 muchas sorpresas y regalos para todas las parejas, amigos, amigas y familias que disfruten este evento, que tiene la finalidad de proclamar amor y amistad entre las personas.<\/p>\n<p style=\"text-align: justify;\">El funcionario se\u00f1al\u00f3 que en diferentes zonas del Parque Papagayo se colocaron corazones gigantes, en donde ya muchas familias y parejas se pueden tomar la foto conmemorativa al D\u00eda del Amor\u00a0y\u00a0la\u00a0Amistad.<\/p>\n<p><em>) S\u00edguenos en nuestra fanpage de Facebook | @<a href=\"https:\/\/www.facebook.com\/acapulcopress.news\" target=\"_blank\" rel=\"noopener\">AcapulcoPress<\/a><\/em><\/p>\n","protected":false},"excerpt":{"rendered":"<p>ACAPULCO * 10 de febrero de 2023. ) Gobierno de Guerrero Para celebrar el d\u00eda del amor y la amistad el Parque Papagayo prepara actividades desde las 7:30 am. con el \u201cZumbat\u00f3n\u201d, y por la tarde un festival cultural a partir de las 17:00 horas. El director general del Parque Papagayo, Abel Luvio Villanueva inform\u00f3&#8230;<\/p>\n","protected":false},"author":2,"featured_media":1250808,"comment_status":"closed","ping_status":"closed","sticky":false,"template":"","format":"standard","meta":{"footnotes":""},"categories":[1972,1988,2017],"tags":[6856,7192,14261,18344],"class_list":["post-1250802","post","type-post","status-publish","format-standard","has-post-thumbnail","hentry","category-special","category-lifestyles","category-vida-y-estilos","tag-cupido","tag-dia-del-amor-y-la-amistad","tag-parque-papagayo-acapulco","tag-zumbaton"],"_links":{"self":[{"href":"https:\/\/www.acapulcopress.com\/index.php\/wp-json\/wp\/v2\/posts\/1250802","targetHints":{"allow":["GET"]}}],"collection":[{"href":"https:\/\/www.acapulcopress.com\/index.php\/wp-json\/wp\/v2\/posts"}],"about":[{"href":"https:\/\/www.acapulcopress.com\/index.php\/wp-json\/wp\/v2\/types\/post"}],"author":[{"embeddable":true,"href":"https:\/\/www.acapulcopress.com\/index.php\/wp-json\/wp\/v2\/users\/2"}],"replies":[{"embeddable":true,"href":"https:\/\/www.acapulcopress.com\/index.php\/wp-json\/wp\/v2\/comments?post=1250802"}],"version-history":[{"count":0,"href":"https:\/\/www.acapulcopress.com\/index.php\/wp-json\/wp\/v2\/posts\/1250802\/revisions"}],"wp:featuredmedia":[{"embeddable":true,"href":"https:\/\/www.acapulcopress.com\/index.php\/wp-json\/"}],"wp:attachment":[{"href":"https:\/\/www.acapulcopress.com\/index.php\/wp-json\/wp\/v2\/media?parent=1250802"}],"wp:term":[{"taxonomy":"category","embeddable":true,"href":"https:\/\/www.acapulcopress.com\/index.php\/wp-json\/wp\/v2\/categories?post=1250802"},{"taxonomy":"post_tag","embeddable":true,"href":"https:\/\/www.acapulcopress.com\/index.php\/wp-json\/wp\/v2\/tags?post=1250802"}],"curies":[{"name":"wp","href":"https:\/\/api.w.org\/{rel}","templated":true}]}}