{"id":1250811,"date":"2023-02-10T19:38:46","date_gmt":"2023-02-11T01:38:46","guid":{"rendered":"https:\/\/www.acapulcopress.com\/?p=1250811"},"modified":"2023-02-10T19:38:46","modified_gmt":"2023-02-11T01:38:46","slug":"quien-sera-el-verdadero-mantenido-replica-cochiloco-a-amlo","status":"publish","type":"post","link":"https:\/\/www.acapulcopress.com\/index.php\/2023\/02\/10\/quien-sera-el-verdadero-mantenido-replica-cochiloco-a-amlo\/","title":{"rendered":"\u201c\u00bfQui\u00e9n ser\u00e1 el verdadero mantenido?\u00bb, replica &#8216;Cochiloco&#8217; a AMLO"},"content":{"rendered":"<p style=\"text-align: justify;\">TWITTER * 10 de febrero de 2023.<br \/>\n<em>) <a href=\"https:\/\/www.proceso.com.mx\/nacional\/2023\/2\/10\/quien-sera-el-verdadero-mantenido-joaquin-cosio-arremete-de-nuevo-contra-amlo-301841.html\" target=\"_blank\" rel=\"noopener\">Apro<\/a><\/em><br \/>\nEl actor Joaqu\u00edn Cos\u00edo volvi\u00f3 a criticar al presidente Andr\u00e9s Manuel L\u00f3pez Obrador, esta vez a prop\u00f3sito de su posici\u00f3n sobre el Instituto Nacional Electoral (INE).<\/p>\n<p style=\"text-align: justify;\">En noviembre pasado, el int\u00e9rprete de \u00abEl Cochiloco\u00bb en la pel\u00edcula El Infierno de Luis Estrada, sali\u00f3 en defensa del escritor Juan Villoro, quien en entrevista con Proceso realiz\u00f3 una serie de cr\u00edticas al gobierno del presidente L\u00f3pez Obrador. El actor afirm\u00f3 que el mandatario \u00abno le llega ni a la suela\u00bb.<\/p>\n<p style=\"text-align: justify;\">Ese mismo mes arremeti\u00f3 contra el gobierno de la 4T despu\u00e9s de que la Academia Mexicana de Artes y Ciencias Cinematogr\u00e1ficas (AMACC) anunciara la suspensi\u00f3n del Ariel 2023 debido a su \u201ccrisis financiera\u201d.<\/p>\n<p style=\"text-align: justify;\">Ahora, Cos\u00edo se refiri\u00f3 a las declaraciones de L\u00f3pez Obrador sobre el Instituto Nacional Electoral.<\/p>\n<p style=\"text-align: justify;\">\u201cMolesta porque se mantiene una \u00e9lite, una casta divina, una burocracia dorada del INE y de otros organismos que le cuestan mucho al pueblo, le cuesta mucho mantenerlos, esos son organismos mantenidos y buenos para nada\u201d, dijo el mandatario en su conferencia ma\u00f1anera del mi\u00e9rcoles.<\/p>\n<p style=\"text-align: justify;\">A esta declaraci\u00f3n reaccion\u00f3 as\u00ed Joaqu\u00edn Cos\u00edo en Twitter: <em>\u201cEl presidente @lopezobrador_ llam\u00f3 al @INEMexico \u2018mantenidos y buenos para nada\u2019. Quien ser\u00e1 el verdadero mantenido?\u201d<\/em><\/p>\n<p><img loading=\"lazy\" decoding=\"async\" class=\"alignnone wp-image-1250812 \" src=\"https:\/\/www.acapulcopress.com\/wp-content\/uploads\/2023\/02\/cochiloco.jpeg\" alt=\"\" width=\"684\" height=\"343\" \/><\/p>\n","protected":false},"excerpt":{"rendered":"<p>TWITTER * 10 de febrero de 2023. ) Apro El actor Joaqu\u00edn Cos\u00edo volvi\u00f3 a criticar al presidente Andr\u00e9s Manuel L\u00f3pez Obrador, esta vez a prop\u00f3sito de su posici\u00f3n sobre el Instituto Nacional Electoral (INE). En noviembre pasado, el int\u00e9rprete de \u00abEl Cochiloco\u00bb en la pel\u00edcula El Infierno de Luis Estrada, sali\u00f3 en defensa del&#8230;<\/p>\n","protected":false},"author":2,"featured_media":1250813,"comment_status":"closed","ping_status":"closed","sticky":false,"template":"","format":"standard","meta":{"footnotes":""},"categories":[1988,1994],"tags":[3793,3808,10133,10806],"class_list":["post-1250811","post","type-post","status-publish","format-standard","has-post-thumbnail","hentry","category-lifestyles","category-personalidades","tag-amlo","tag-amlo-mantenido","tag-ine","tag-joaquin-cosio-el-cochiloco"],"_links":{"self":[{"href":"https:\/\/www.acapulcopress.com\/index.php\/wp-json\/wp\/v2\/posts\/1250811","targetHints":{"allow":["GET"]}}],"collection":[{"href":"https:\/\/www.acapulcopress.com\/index.php\/wp-json\/wp\/v2\/posts"}],"about":[{"href":"https:\/\/www.acapulcopress.com\/index.php\/wp-json\/wp\/v2\/types\/post"}],"author":[{"embeddable":true,"href":"https:\/\/www.acapulcopress.com\/index.php\/wp-json\/wp\/v2\/users\/2"}],"replies":[{"embeddable":true,"href":"https:\/\/www.acapulcopress.com\/index.php\/wp-json\/wp\/v2\/comments?post=1250811"}],"version-history":[{"count":0,"href":"https:\/\/www.acapulcopress.com\/index.php\/wp-json\/wp\/v2\/posts\/1250811\/revisions"}],"wp:featuredmedia":[{"embeddable":true,"href":"https:\/\/www.acapulcopress.com\/index.php\/wp-json\/"}],"wp:attachment":[{"href":"https:\/\/www.acapulcopress.com\/index.php\/wp-json\/wp\/v2\/media?parent=1250811"}],"wp:term":[{"taxonomy":"category","embeddable":true,"href":"https:\/\/www.acapulcopress.com\/index.php\/wp-json\/wp\/v2\/categories?post=1250811"},{"taxonomy":"post_tag","embeddable":true,"href":"https:\/\/www.acapulcopress.com\/index.php\/wp-json\/wp\/v2\/tags?post=1250811"}],"curies":[{"name":"wp","href":"https:\/\/api.w.org\/{rel}","templated":true}]}}