{"id":1250815,"date":"2023-02-10T20:11:33","date_gmt":"2023-02-11T02:11:33","guid":{"rendered":"https:\/\/www.acapulcopress.com\/?p=1250815"},"modified":"2023-02-10T20:11:33","modified_gmt":"2023-02-11T02:11:33","slug":"amlo-entregara-a-presidente-de-cuba-la-orden-del-aguila-azteca","status":"publish","type":"post","link":"https:\/\/www.acapulcopress.com\/index.php\/2023\/02\/10\/amlo-entregara-a-presidente-de-cuba-la-orden-del-aguila-azteca\/","title":{"rendered":"AMLO entregar\u00e1 a presidente de Cuba la \u00abOrden del \u00c1guila Azteca\u00bb"},"content":{"rendered":"<p style=\"text-align: justify;\">CIUDAD DE M\u00c9XICO * 10 de febrero de 2023.<br \/>\n<em>) <a href=\"https:\/\/aristeguinoticias.com\/1002\/mexico\/otorga-amlo-a-diaz-canel-orden-del-aguila-azteca\/\" target=\"_blank\" rel=\"noopener\">Aristegui Noticias<\/a><\/em><br \/>\nEl Gobierno de M\u00e9xico entregar\u00e1 este 11 de febrero la Condecoraci\u00f3n de la Orden Mexicana del \u00c1guila Azteca, la m\u00e1s alta distinci\u00f3n que se entrega a extranjeros, al presidente de <img loading=\"lazy\" decoding=\"async\" class=\"alignleft size-medium wp-image-1250816\" src=\"https:\/\/www.acapulcopress.com\/wp-content\/uploads\/2023\/02\/azteca-375x392.jpg\" alt=\"\" width=\"375\" height=\"392\" \/>Cuba, Miguel D\u00edaz-Canel. La entrega se realizar\u00e1 en la ciudad de Campeche, como parte del encuentro que tendr\u00e1 el l\u00edder cubano con el presidente mexicano, Andr\u00e9s Manuel L\u00f3pez Obrador.<\/p>\n<p style=\"text-align: justify;\">Este viernes, en el Diario Oficial de la Federaci\u00f3n (DOF), se public\u00f3 el acuerdo presidencial con el que se da a conocer la entrega de la distinci\u00f3n.<\/p>\n<p>Nelson Rockefeller, Fidel Castro, Bill Gates, Rigoberta Mench\u00fa, Nelson Mandela, Mario Vargas Llosa, Jos\u00e9 Mujica y Jean-Yves Le Drian, son algunos de los personajes que han recibido la distinci\u00f3n.<\/p>\n<p style=\"text-align: justify;\">\u201cEs prop\u00f3sito del gobierno de los Estados Unidos Mexicanos reconocer al Excelent\u00edsimo Se\u00f1or Miguel D\u00edaz-Canel Berm\u00fadez, presidente de la Rep\u00fablica de Cuba, por su labor al fortalecer las relaciones de amistad y cooperaci\u00f3n entre M\u00e9xico y Cuba\u201d, se lee en el acuerdo publicado.<\/p>\n<p style=\"text-align: justify;\"><img loading=\"lazy\" decoding=\"async\" class=\"alignleft size-medium wp-image-1250817\" src=\"https:\/\/www.acapulcopress.com\/wp-content\/uploads\/2023\/02\/cuba-mexico-375x250.jpg\" alt=\"\" width=\"375\" height=\"250\" \/>La entrega de la Orden Mexicana del \u00c1guila Azteca significa, dice el acuerdo presidencial, \u201cun acto de reciprocidad al otorgamiento de la condecoraci\u00f3n de la Orden Jos\u00e9 Mart\u00ed entregada por el gobierno cubano\u201d.<\/p>\n<p style=\"text-align: justify;\">La distinci\u00f3n ser\u00e1 entregada en el grado de Collar, que se da s\u00f3lo a jefes de Estado. La distinci\u00f3n tambi\u00e9n se entrega en forma de medalla, placa o banda.<\/p>\n<p style=\"text-align: justify;\">\u201cEn la sesi\u00f3n del Consejo de la Orden Mexicana del \u00c1guila Azteca, del 3 de febrero de 2023, se propuso al Excelent\u00edsimo Se\u00f1or Miguel D\u00edaz-Canel Berm\u00fadez, como acreedor de la Condecoraci\u00f3n de la Orden Mexicana del \u00c1guila Azteca, en el grado de Collar, la cual se otorga a extranjeros, con el objeto de reconocer los servicios prominentes prestados a la <img loading=\"lazy\" decoding=\"async\" class=\"alignleft size-medium wp-image-1250818\" src=\"https:\/\/www.acapulcopress.com\/wp-content\/uploads\/2023\/02\/dario-cubai-375x278.webp\" alt=\"\" width=\"375\" height=\"278\" \/>Naci\u00f3n mexicana o a la humanidad, y para corresponder a las distinciones de que sean objeto los servidores p\u00fablicos mexicanos\u201d, se lee en el documento.<\/p>\n<p style=\"text-align: justify;\">\u201cSe otorga la condecoraci\u00f3n de la Orden Mexicana del \u00c1guila Azteca, en grado de Collar, al Excelent\u00edsimo Se\u00f1or Miguel D\u00edaz-Canel Berm\u00fadez, presidente de la Rep\u00fablica de Cuba\u201d, dice el acuerdo presidencial.<\/p>\n<p style=\"text-align: justify;\">La condecoraci\u00f3n ser\u00e1 entregada en la ciudad de Campeche, este 11 de febrero, dice el documento, como parte del encuentro entre ambos presidentes.<\/p>\n<p>El secretario de Relaciones Exteriores, Marcelo Ebrard, indic\u00f3 que la recepci\u00f3n del mandatario cubano ser\u00e1 la ma\u00f1ana del s\u00e1bado y despu\u00e9s habr\u00e1 un di\u00e1logo entre ambos presidentes. Se preve que ambos l\u00edderes aborden diversos temas, entre ellos colaboraci\u00f3n en salud.<\/p>\n<p style=\"text-align: justify;\"><em>) S\u00edguenos en nuestra fanpage de Facebook | @<a href=\"https:\/\/www.facebook.com\/acapulcopress.news\" target=\"_blank\" rel=\"noopener\">AcapulcoPress<\/a><\/em><\/p>\n","protected":false},"excerpt":{"rendered":"<p>CIUDAD DE M\u00c9XICO * 10 de febrero de 2023. ) Aristegui Noticias El Gobierno de M\u00e9xico entregar\u00e1 este 11 de febrero la Condecoraci\u00f3n de la Orden Mexicana del \u00c1guila Azteca, la m\u00e1s alta distinci\u00f3n que se entrega a extranjeros, al presidente de Cuba, Miguel D\u00edaz-Canel. La entrega se realizar\u00e1 en la ciudad de Campeche, como&#8230;<\/p>\n","protected":false},"author":2,"featured_media":1250819,"comment_status":"closed","ping_status":"closed","sticky":false,"template":"","format":"standard","meta":{"footnotes":""},"categories":[1969,1972,2020],"tags":[3896,7282,13126,14008],"class_list":["post-1250815","post","type-post","status-publish","format-standard","has-post-thumbnail","hentry","category-trending","category-special","category-world-news","tag-andres-manuel-lopez-obrador","tag-diario-oficial-de-la-federacion-dof","tag-miguel-diaz-canel-bermudez","tag-orden-mexicana-del-aguila-azteca"],"_links":{"self":[{"href":"https:\/\/www.acapulcopress.com\/index.php\/wp-json\/wp\/v2\/posts\/1250815","targetHints":{"allow":["GET"]}}],"collection":[{"href":"https:\/\/www.acapulcopress.com\/index.php\/wp-json\/wp\/v2\/posts"}],"about":[{"href":"https:\/\/www.acapulcopress.com\/index.php\/wp-json\/wp\/v2\/types\/post"}],"author":[{"embeddable":true,"href":"https:\/\/www.acapulcopress.com\/index.php\/wp-json\/wp\/v2\/users\/2"}],"replies":[{"embeddable":true,"href":"https:\/\/www.acapulcopress.com\/index.php\/wp-json\/wp\/v2\/comments?post=1250815"}],"version-history":[{"count":0,"href":"https:\/\/www.acapulcopress.com\/index.php\/wp-json\/wp\/v2\/posts\/1250815\/revisions"}],"wp:featuredmedia":[{"embeddable":true,"href":"https:\/\/www.acapulcopress.com\/index.php\/wp-json\/"}],"wp:attachment":[{"href":"https:\/\/www.acapulcopress.com\/index.php\/wp-json\/wp\/v2\/media?parent=1250815"}],"wp:term":[{"taxonomy":"category","embeddable":true,"href":"https:\/\/www.acapulcopress.com\/index.php\/wp-json\/wp\/v2\/categories?post=1250815"},{"taxonomy":"post_tag","embeddable":true,"href":"https:\/\/www.acapulcopress.com\/index.php\/wp-json\/wp\/v2\/tags?post=1250815"}],"curies":[{"name":"wp","href":"https:\/\/api.w.org\/{rel}","templated":true}]}}