{"id":1250821,"date":"2023-02-10T20:34:59","date_gmt":"2023-02-11T02:34:59","guid":{"rendered":"https:\/\/www.acapulcopress.com\/?p=1250821"},"modified":"2023-02-10T20:34:59","modified_gmt":"2023-02-11T02:34:59","slug":"de-la-mano-de-las-fuerzas-aereas-abonamos-a-la-paz-de-guerrero-evelyn-salgado","status":"publish","type":"post","link":"https:\/\/www.acapulcopress.com\/index.php\/2023\/02\/10\/de-la-mano-de-las-fuerzas-aereas-abonamos-a-la-paz-de-guerrero-evelyn-salgado\/","title":{"rendered":"De la mano de las Fuerzas A\u00e9reas abonamos a la paz de Guerrero | Evelyn Salgado"},"content":{"rendered":"<p style=\"text-align: justify;\">ACAPULCO * 10 de febrero de 2023.<br \/>\n<em>) Gobierno de Guerrero<\/em><br \/>\n<img loading=\"lazy\" decoding=\"async\" class=\"alignleft size-medium wp-image-1250829\" src=\"https:\/\/www.acapulcopress.com\/wp-content\/uploads\/2023\/02\/ESP.FAM8_-375x246.jpg\" alt=\"\" width=\"375\" height=\"246\" \/>Al asistir a la ceremonia por el 108 aniversario de la creaci\u00f3n de la Fuerza A\u00e9rea Mexicana, la gobernadora Evelyn Salgado Pineda expres\u00f3 su agradecimiento a esa instituci\u00f3n, por todo el apoyo que ha otorgado para trabajar de la mano en la construcci\u00f3n de la paz a favor de la entidad. De igual manera reconoci\u00f3 la solidaridad y fraternidad que los caracteriza, a trav\u00e9s de las labores de ayuda que realizan al servicio de la poblaci\u00f3n en caso de desastres naturales, tanto en M\u00e9xico como en el extranjero.<\/p>\n<p style=\"text-align: justify;\">\u201cQue sepan todas y todos los guerrerenses que todos los d\u00edas estamos trabajando en absoluta coordinaci\u00f3n; que este es un trabajo en equipo, es un trabajo no de una persona ni una dependencia, sino que todas y todos estamos abonando en esta construcci\u00f3n de la <img loading=\"lazy\" decoding=\"async\" class=\"alignleft size-medium wp-image-1250826\" src=\"https:\/\/www.acapulcopress.com\/wp-content\/uploads\/2023\/02\/ESP.FAM5_-375x250.jpg\" alt=\"\" width=\"375\" height=\"250\" \/>paz para nuestro estado, siempre con di\u00e1logo para seguir trabajando en un Guerrero con paz, con bienestar, con justicia, de la mano de la Fuerza A\u00e9rea, as\u00ed como del Ej\u00e9rcito Mexicano, de la Marina, de la Guardia Nacional, de autoridades civiles y militares y sobre todo, que seguimos coordinados con el mismo objetivo de transformar a nuestro estado\u201d, expres\u00f3 en su mensaje la mandataria.<\/p>\n<p style=\"text-align: justify;\">Con la presencia del comandante de la Novena Regi\u00f3n Militar, Ricardo Flores Gonz\u00e1lez y el comandante de la Base A\u00e9rea Militar No.7, Rub\u00e9n S\u00e1nchez Peralta, la gobernadora recalc\u00f3 que es de suma importancia tener siempre presente el origen de esta instituci\u00f3n, la cual tiene sus fundamentaos en esa lucha en contra de la injusticia y la dictadura, buscando y salvaguardando las libertades y la democracia de M\u00e9xico.<\/p>\n<p style=\"text-align: justify;\"><img loading=\"lazy\" decoding=\"async\" class=\"alignleft size-medium wp-image-1250824\" src=\"https:\/\/www.acapulcopress.com\/wp-content\/uploads\/2023\/02\/ESP.FAM3_-375x250.jpg\" alt=\"\" width=\"375\" height=\"250\" \/>\u201cHay m\u00e9ritos m\u00e1s que suficientes para rendirles todo el honor, todo nuestro reconocimiento y nuestro agradecimiento. En Guerrero estamos agradecidos con su trabajo, siempre van a tener no nada m\u00e1s el respaldo, sino tambi\u00e9n el cari\u00f1o, porque as\u00ed se lo ha manifestado el pueblo guerrerense, as\u00ed como tambi\u00e9n de esta administraci\u00f3n\u201d, a\u00f1adi\u00f3.<\/p>\n<p style=\"text-align: justify;\">En su discurso la jefa del Ejecutivo estatal felicit\u00f3 a las mujeres y hombres que integran la Fuerza A\u00e9rea Mexicana, a la vez que refrend\u00f3 su compromiso de seguir trabajando \u201ccon absoluto respeto a su autonom\u00eda, pero con una estrecha colaboraci\u00f3n\u201d, en un camino en com\u00fan, siempre velando por el bienestar de Guerrero y de M\u00e9xico.<\/p>\n<p style=\"text-align: justify;\">Durante su participaci\u00f3n, el comandante de la Base A\u00e9rea Militar No.7, dio lectura al <img loading=\"lazy\" decoding=\"async\" class=\"alignleft size-medium wp-image-1250822\" src=\"https:\/\/www.acapulcopress.com\/wp-content\/uploads\/2023\/02\/ESP.FAM_-375x562.jpg\" alt=\"\" width=\"375\" height=\"562\" \/>mensaje oficial, en donde record\u00f3 que fue el 5 de febrero de 1915 la fecha que sent\u00f3 las bases para lo que hoy conocemos como la Fuerza A\u00e9rea Mexicana, siempre poniendo en alto el nombre de M\u00e9xico.<\/p>\n<p style=\"text-align: justify;\">Explic\u00f3 que en la actualidad, esta instituci\u00f3n realiza acciones en coordinaci\u00f3n con el Ej\u00e9rcito Mexicano y la Guardia Nacional para el fortalecimiento de la seguridad p\u00fablica, as\u00ed como la vigilancia del espacio a\u00e9reo, erradicaci\u00f3n de plant\u00edos de enervantes, transporte de tropas, material y equipo a diversas entidades federativas, aplicaci\u00f3n del Plan DN-III, apoyo a la Comisi\u00f3n Nacional Forestal para el control de incendios, la contribuci\u00f3n a los proyectos prioritarios del gobierno federal, entre otras acciones.<\/p>\n<p style=\"text-align: justify;\">\u201cPara nosotros, es un honor ser parte del esfuerzo conjunto para el logro de los proyectos nacionales, que est\u00e1n enfocados al progreso de la Patria y lo hacemos con determinaci\u00f3n. Las alas que simbolizan la Fuerza A\u00e9rea Mexicana, as\u00ed como el coraz\u00f3n de cada hombre y cada mujer que la integran seguir\u00e1n despleg\u00e1ndose diariamente en beneficio del pueblo de M\u00e9xico\u201d, dijo.<\/p>\n<p style=\"text-align: justify;\">Asistieron a este evento la presidenta municipal de Acapulco, Abelina L\u00f3pez Rodr\u00edguez; el jefe del Estado Mayor de la D\u00e9cimo Segunda Regi\u00f3n Naval, Jorge Medina Antonio; el comandante de la 27 Zona Militar, Roberto P\u00e9rez Ceja y el comandante de la 35 Zona Militar, Enrique\u00a0Mart\u00ednez\u00a0L\u00f3pez.<\/p>\n<p><em>) S\u00edguenos en nuestra fanpage de Facebook | @<a href=\"https:\/\/www.facebook.com\/acapulcopress.news\" target=\"_blank\" rel=\"noopener\">AcapulcoPress<\/a><\/em><\/p>\n","protected":false},"excerpt":{"rendered":"<p>ACAPULCO * 10 de febrero de 2023. ) Gobierno de Guerrero Al asistir a la ceremonia por el 108 aniversario de la creaci\u00f3n de la Fuerza A\u00e9rea Mexicana, la gobernadora Evelyn Salgado Pineda expres\u00f3 su agradecimiento a esa instituci\u00f3n, por todo el apoyo que ha otorgado para trabajar de la mano en la construcci\u00f3n de&#8230;<\/p>\n","protected":false},"author":2,"featured_media":1250827,"comment_status":"closed","ping_status":"closed","sticky":false,"template":"","format":"standard","meta":{"footnotes":""},"categories":[1983,18561],"tags":[8251,8992,9302],"class_list":["post-1250821","post","type-post","status-publish","format-standard","has-post-thumbnail","hentry","category-guerrerogob","category-society-politics","tag-evelyn-salgado-pineda","tag-fuerzas-armadas-de-mexico","tag-gobierno-de-guerrero"],"_links":{"self":[{"href":"https:\/\/www.acapulcopress.com\/index.php\/wp-json\/wp\/v2\/posts\/1250821","targetHints":{"allow":["GET"]}}],"collection":[{"href":"https:\/\/www.acapulcopress.com\/index.php\/wp-json\/wp\/v2\/posts"}],"about":[{"href":"https:\/\/www.acapulcopress.com\/index.php\/wp-json\/wp\/v2\/types\/post"}],"author":[{"embeddable":true,"href":"https:\/\/www.acapulcopress.com\/index.php\/wp-json\/wp\/v2\/users\/2"}],"replies":[{"embeddable":true,"href":"https:\/\/www.acapulcopress.com\/index.php\/wp-json\/wp\/v2\/comments?post=1250821"}],"version-history":[{"count":0,"href":"https:\/\/www.acapulcopress.com\/index.php\/wp-json\/wp\/v2\/posts\/1250821\/revisions"}],"wp:featuredmedia":[{"embeddable":true,"href":"https:\/\/www.acapulcopress.com\/index.php\/wp-json\/"}],"wp:attachment":[{"href":"https:\/\/www.acapulcopress.com\/index.php\/wp-json\/wp\/v2\/media?parent=1250821"}],"wp:term":[{"taxonomy":"category","embeddable":true,"href":"https:\/\/www.acapulcopress.com\/index.php\/wp-json\/wp\/v2\/categories?post=1250821"},{"taxonomy":"post_tag","embeddable":true,"href":"https:\/\/www.acapulcopress.com\/index.php\/wp-json\/wp\/v2\/tags?post=1250821"}],"curies":[{"name":"wp","href":"https:\/\/api.w.org\/{rel}","templated":true}]}}