{"id":1250835,"date":"2023-02-10T21:05:27","date_gmt":"2023-02-11T03:05:27","guid":{"rendered":"https:\/\/www.acapulcopress.com\/?p=1250835"},"modified":"2023-02-10T21:05:27","modified_gmt":"2023-02-11T03:05:27","slug":"criminalidad-dispersa-complica-seguridad-ludwig","status":"publish","type":"post","link":"https:\/\/www.acapulcopress.com\/index.php\/2023\/02\/10\/criminalidad-dispersa-complica-seguridad-ludwig\/","title":{"rendered":"Criminalidad dispersa complica seguridad: Ludwig"},"content":{"rendered":"<p style=\"text-align: justify;\">ACAPULCO * 10 de febrero de 2023.<br \/>\n<em>)<a href=\"https:\/\/a-nasa.com.mx\/\" target=\"_blank\" rel=\"noopener\"> ANASA<\/a><\/em><br \/>\nEl secretario general del Gobierno de Guerrero, Ludwig Marcial Reynoso N\u00fa\u00f1ez, sostuvo que \u201cla criminalidad dispersa\u201d en el estado, complica las acciones de seguridad contra las grupos delictivos que operan en la entidad.<\/p>\n<p style=\"text-align: justify;\">Reynoso N\u00fa\u00f1ez ejemplific\u00f3 que las c\u00e9lulas delictivas var\u00edan por cada una de las siete regiones, y ejemplific\u00f3 que tan solo en Acapulco operan entre 16 y 18 grupos delincuenciales.<\/p>\n<p style=\"text-align: justify;\">\u201cEn Acapulco solamente son entre 16 y 18 c\u00e9lulas las que est\u00e1n activas, entonces es un problema de una criminalidad muy dispersa; sin embargo estamos haciendo los esfuerzos necesarios\u201d, dijo en entrevista al terminar el evento por el aniversario de la Fuerza A\u00e9rea en la 27 Zona Militar de Pie de la Cuesta, al que acudi\u00f3 junto con la Gobernadora Evelyn Salgado Pineda.<\/p>\n<p style=\"text-align: justify;\">El secretario asegur\u00f3 que se han redoblado los trabajos de coordinaci\u00f3n con las autoridades federales, sin mencionar cu\u00e1les zonas, asegur\u00f3 que han recuperado territorios controlados por grupos del crimen organizado.<\/p>\n<p style=\"text-align: justify;\"><strong>Habr\u00e1 cambios en la estrategia<\/strong><\/p>\n<p style=\"text-align: justify;\">El funcionario asegur\u00f3 que derivado de las reuniones con empresarios y autoridades, se han acordado nuevas modificaciones a la estrategia de seguridad, por lo que en \u201clos pr\u00f3ximos d\u00edas se ver\u00e1n cambios\u201d.<\/p>\n<p style=\"text-align: justify;\">\u201cEn el tema de seguridad estamos muy atentos y vamos a seguir trabajando. Las estrategias van cambiando conforme se van presentando tipos de delitos\u201d.<\/p>\n<p style=\"text-align: justify;\">Reconoci\u00f3 que en la entidad \u201ctenemos que erradicar la extorsi\u00f3n, el narcomenudeo, que son los que generan mayor violencia, esto es a lo que nos vamos a enfocar\u201d.<br \/>\nDijo que otra de las complicaciones en el estado, es que hay municipios como en la zona Norte, que no tienen polic\u00edas municipales, por lo que el estado y las Fuerzas Armadas han asumida la funci\u00f3n de seguridad.<\/p>\n<p style=\"text-align: justify;\">\u201cCreo que debe de haber una corresponsabilidad con los municipios. Tienen que involucrarse en el tema de seguridad, porque es un tema que compete a todos. No les pedimos que combatan a los grupos de la delincuencia organizada, pero s\u00ed que mantengan a sus cuerpos de seguridad para las tareas m\u00e1s comunes\u201d.<\/p>\n<p style=\"text-align: justify;\">El secretario afirm\u00f3 que el aumento mensual en las cifras de homicidios dolosos no se trata de un fracaso en las labores de seguridad, y por el contrario atribuy\u00f3 el incremento al repunte en la violencia a nivel nacional.<\/p>\n<p style=\"text-align: justify;\">\u201cCreo que ha habido un aumento generalizado en el pa\u00eds en el tema de violencia. Lo vuelvo a repetir, hay muchos grupos delincuenciales, muchos que solo son c\u00e9lulas, que son las que generan mayor violencia y precisamente vamos a enfocar nuestro trabajo en ellos\u201d.<\/p>\n<p style=\"text-align: justify;\">Sobre la extorsi\u00f3n que sufren empresarios de gaseras en Zihuatanejo, dijo que hay tres que operan, de las diez que existen en el municipio.<\/p>\n<p style=\"text-align: justify;\">Reynoso N\u00fa\u00f1ez asegur\u00f3 que se da el acompa\u00f1amiento a los empresarios, y que se ha reforzado la seguridad en ese puerto.<\/p>\n<p style=\"text-align: justify;\"><a href=\"https:\/\/www.facebook.com\/acapulcopress.news\" target=\"_blank\" rel=\"noopener\"><em>) S\u00edguenos en nuestra fanpage de Facebook | @AcapulcoPress<\/em><\/a><\/p>\n","protected":false},"excerpt":{"rendered":"<p>ACAPULCO * 10 de febrero de 2023. ) ANASA El secretario general del Gobierno de Guerrero, Ludwig Marcial Reynoso N\u00fa\u00f1ez, sostuvo que \u201cla criminalidad dispersa\u201d en el estado, complica las acciones de seguridad contra las grupos delictivos que operan en la entidad. Reynoso N\u00fa\u00f1ez ejemplific\u00f3 que las c\u00e9lulas delictivas var\u00edan por cada una de las&#8230;<\/p>\n","protected":false},"author":2,"featured_media":1250836,"comment_status":"closed","ping_status":"closed","sticky":false,"template":"","format":"standard","meta":{"footnotes":""},"categories":[1997],"tags":[10190,12139],"class_list":["post-1250835","post","type-post","status-publish","format-standard","has-post-thumbnail","hentry","category-noticias-destacadas","tag-inseguridad","tag-ludwig-marcial-reynoso-nunez"],"_links":{"self":[{"href":"https:\/\/www.acapulcopress.com\/index.php\/wp-json\/wp\/v2\/posts\/1250835","targetHints":{"allow":["GET"]}}],"collection":[{"href":"https:\/\/www.acapulcopress.com\/index.php\/wp-json\/wp\/v2\/posts"}],"about":[{"href":"https:\/\/www.acapulcopress.com\/index.php\/wp-json\/wp\/v2\/types\/post"}],"author":[{"embeddable":true,"href":"https:\/\/www.acapulcopress.com\/index.php\/wp-json\/wp\/v2\/users\/2"}],"replies":[{"embeddable":true,"href":"https:\/\/www.acapulcopress.com\/index.php\/wp-json\/wp\/v2\/comments?post=1250835"}],"version-history":[{"count":0,"href":"https:\/\/www.acapulcopress.com\/index.php\/wp-json\/wp\/v2\/posts\/1250835\/revisions"}],"wp:featuredmedia":[{"embeddable":true,"href":"https:\/\/www.acapulcopress.com\/index.php\/wp-json\/"}],"wp:attachment":[{"href":"https:\/\/www.acapulcopress.com\/index.php\/wp-json\/wp\/v2\/media?parent=1250835"}],"wp:term":[{"taxonomy":"category","embeddable":true,"href":"https:\/\/www.acapulcopress.com\/index.php\/wp-json\/wp\/v2\/categories?post=1250835"},{"taxonomy":"post_tag","embeddable":true,"href":"https:\/\/www.acapulcopress.com\/index.php\/wp-json\/wp\/v2\/tags?post=1250835"}],"curies":[{"name":"wp","href":"https:\/\/api.w.org\/{rel}","templated":true}]}}