{"id":1250840,"date":"2023-02-12T17:16:09","date_gmt":"2023-02-12T23:16:09","guid":{"rendered":"https:\/\/www.acapulcopress.com\/?p=1250840"},"modified":"2023-02-12T17:16:09","modified_gmt":"2023-02-12T23:16:09","slug":"analizan-en-congreso-incorporar-artesanias-a-programas-prioritarios-de-inversion","status":"publish","type":"post","link":"https:\/\/www.acapulcopress.com\/index.php\/2023\/02\/12\/analizan-en-congreso-incorporar-artesanias-a-programas-prioritarios-de-inversion\/","title":{"rendered":"Analizan en Congreso incorporar artesan\u00edas a programas prioritarios de inversi\u00f3n"},"content":{"rendered":"<p style=\"text-align: justify;\">CHILPANCINGO * 12 de febrero de 2023.<br \/>\n<em>) Congreso de Guerrero<\/em><br \/>\nCon el prop\u00f3sito de incorporar a las artesan\u00edas guerrerenses dentro de los programas prioritarios de Fomento Econ\u00f3mico, Inversi\u00f3n y Desarrollo, que propicie la atenci\u00f3n integral y salvaguarda de esta actividad representativa de Guerrero, la diputada Ang\u00e9lica Espinoza Garc\u00eda propuso reformar la ley en la materia.<\/p>\n<p style=\"text-align: justify;\">En su propuesta, la diputada de Morena argumenta que es importante generar una efectiva coordinaci\u00f3n para procurar la comercializaci\u00f3n de los productos en igualdad de circunstancias frente a las operaciones mercantiles, lo que dar\u00e1 mayores ingresos a las y los artesanos, aunado a que se debe generar un contexto que conserve el sentido art\u00edstico y cultural de las artesan\u00edas guerrerenses.<\/p>\n<p style=\"text-align: justify;\">Y es que, se\u00f1al\u00f3, la crisis por la pandemia afect\u00f3 severamente al sector artesanal, luego de que los puntos de venta m\u00e1s concurridos, como museos, casas de artesan\u00edas, expo-ferias, mercados y zonas arqueol\u00f3gicas fueron cerrados, lo que ocasion\u00f3 que muchos artesanos ofrecieran sus piezas a cambio de alimentos.<\/p>\n<p style=\"text-align: justify;\">Inform\u00f3 que aun cuando Guerrero se encuentra en etapa de validaci\u00f3n de 70 microcr\u00e9ditos y 219 apoyos del programa Mujer Ind\u00edgena, ambos destinados al sector artesanal, adem\u00e1s de la\u00a0entrega de apoyos econ\u00f3micos de entre dos mil y 10 mil pesos efectuados durante este periodo para impulsar la producci\u00f3n, concursos de arte popular, corredores artesanales y proyectos artesanales estrat\u00e9gicos, no es suficiente.<\/p>\n<p style=\"text-align: justify;\">Refiri\u00f3 que de acuerdo con reportes de los responsables de casas de artesan\u00edas en Guerrero, el c\u00e1lculo de ingreso mensual de los productores artesanales oscila entre dos mil 500 y seis mil pesos, siendo el estado m\u00e1s bajo a nivel de ingresos.<\/p>\n<p style=\"text-align: justify;\">Por todo lo anterior, la legisladora considera importante coordinar esfuerzos para apoyar los mecanismos que propicien el fortalecimiento econ\u00f3mico de toda la cadena de producci\u00f3n, con la difusi\u00f3n, promoci\u00f3n y salvaguarda de este que es uno de los sectores m\u00e1s representativos del estado de Guerrero.<\/p>\n<p style=\"text-align: justify;\">Esta iniciativa de reforma y adici\u00f3n al art\u00edculo 35 Bis de la Ley de Fomento Econ\u00f3mico, Inversi\u00f3n y Desarrollo del Estado de Guerrero fue turnada a la comisi\u00f3n legislativa de Desarrollo Econ\u00f3mico y Trabajo, para su correspondiente an\u00e1lisis y emisi\u00f3n del dictamen.<\/p>\n<p style=\"text-align: justify;\"><em>) Reg\u00e1lanos un &#8216;me gusta&#8217; o s\u00edguenos en @<a href=\"https:\/\/www.facebook.com\/acapulcopress.news\" target=\"_blank\" rel=\"noopener\">AcapulcoPress<\/a><\/em><\/p>\n","protected":false},"excerpt":{"rendered":"<p>CHILPANCINGO * 12 de febrero de 2023. ) Congreso de Guerrero Con el prop\u00f3sito de incorporar a las artesan\u00edas guerrerenses dentro de los programas prioritarios de Fomento Econ\u00f3mico, Inversi\u00f3n y Desarrollo, que propicie la atenci\u00f3n integral y salvaguarda de esta actividad representativa de Guerrero, la diputada Ang\u00e9lica Espinoza Garc\u00eda propuso reformar la ley en la&#8230;<\/p>\n","protected":false},"author":2,"featured_media":1250841,"comment_status":"closed","ping_status":"closed","sticky":false,"template":"","format":"standard","meta":{"footnotes":""},"categories":[61,18561],"tags":[4168,6370],"class_list":["post-1250840","post","type-post","status-publish","format-standard","has-post-thumbnail","hentry","category-legislacion","category-society-politics","tag-artesanias-de-guerrero","tag-congreso-de-guerrero"],"_links":{"self":[{"href":"https:\/\/www.acapulcopress.com\/index.php\/wp-json\/wp\/v2\/posts\/1250840","targetHints":{"allow":["GET"]}}],"collection":[{"href":"https:\/\/www.acapulcopress.com\/index.php\/wp-json\/wp\/v2\/posts"}],"about":[{"href":"https:\/\/www.acapulcopress.com\/index.php\/wp-json\/wp\/v2\/types\/post"}],"author":[{"embeddable":true,"href":"https:\/\/www.acapulcopress.com\/index.php\/wp-json\/wp\/v2\/users\/2"}],"replies":[{"embeddable":true,"href":"https:\/\/www.acapulcopress.com\/index.php\/wp-json\/wp\/v2\/comments?post=1250840"}],"version-history":[{"count":0,"href":"https:\/\/www.acapulcopress.com\/index.php\/wp-json\/wp\/v2\/posts\/1250840\/revisions"}],"wp:featuredmedia":[{"embeddable":true,"href":"https:\/\/www.acapulcopress.com\/index.php\/wp-json\/"}],"wp:attachment":[{"href":"https:\/\/www.acapulcopress.com\/index.php\/wp-json\/wp\/v2\/media?parent=1250840"}],"wp:term":[{"taxonomy":"category","embeddable":true,"href":"https:\/\/www.acapulcopress.com\/index.php\/wp-json\/wp\/v2\/categories?post=1250840"},{"taxonomy":"post_tag","embeddable":true,"href":"https:\/\/www.acapulcopress.com\/index.php\/wp-json\/wp\/v2\/tags?post=1250840"}],"curies":[{"name":"wp","href":"https:\/\/api.w.org\/{rel}","templated":true}]}}