{"id":1250843,"date":"2023-02-13T18:31:07","date_gmt":"2023-02-14T00:31:07","guid":{"rendered":"https:\/\/www.acapulcopress.com\/?p=1250843"},"modified":"2023-02-13T18:31:07","modified_gmt":"2023-02-14T00:31:07","slug":"aprueba-cabildo-de-chilpancingo-prestamo-a-corto-plazo-para-hacer-frente-al-deficit-financiero","status":"publish","type":"post","link":"https:\/\/www.acapulcopress.com\/index.php\/2023\/02\/13\/aprueba-cabildo-de-chilpancingo-prestamo-a-corto-plazo-para-hacer-frente-al-deficit-financiero\/","title":{"rendered":"Aprueba Cabildo de Chilpancingo pr\u00e9stamo a corto plazo para hacer frente al d\u00e9ficit financiero"},"content":{"rendered":"<p style=\"text-align: justify;\"><em><strong>* Ser\u00e1 para cubrir adeudos heredados, informa el Secretario de Finanzas del Gobierno de Chilpancingo, Francisco Apreza M\u00e9ndez, en conferencia de prensa presidida por la alcaldesa Norma Otilia Hern\u00e1ndez Mart\u00ednez<\/strong><\/em><\/p>\n<p style=\"text-align: justify;\">CHILPANCINGO * 13 de febrero de 2023.<br \/>\n<em>) Gobierno de Chilpancingo<\/em><br \/>\nCon la finalidad de hacer frente al d\u00e9ficit financiero heredado por pasadas administraciones, el gobierno municipal que encabeza la alcaldesa Norma Otilia Hern\u00e1ndez Mart\u00ednez, ratific\u00f3 la solicitud de un cr\u00e9dito a corto plazo, sin que afecte las finanzas municipales, el cual fue <img loading=\"lazy\" decoding=\"async\" class=\"alignleft size-medium wp-image-1250844\" src=\"https:\/\/www.acapulcopress.com\/wp-content\/uploads\/2023\/02\/CHILPO-CONFERENCIA-375x249.jpg\" alt=\"\" width=\"375\" height=\"249\" \/>aprobado por mayor\u00eda en la pasada sesi\u00f3n ordinaria de Cabildo.<\/p>\n<p style=\"text-align: justify;\">\u00abLa toma de decisiones son con la finalidad de brindar gobernabilidad y consenso para las y los habitantes de Chilpancingo, asi como cumplir con los derechos de las y los trabajadores municipales\u00bb, dijo Norma Otilia Hern\u00e1ndez Mart\u00ednez durante la conferencia matutina.<\/p>\n<p style=\"text-align: justify;\">La edilesa capitalina coment\u00f3 que el a\u00f1o pasado se solicit\u00f3 un pr\u00e9stamo para cubrir los compromisos de fin de a\u00f1o y otros adeudos con la base trabajadora, sin embargo, y al no conseguir dicho pr\u00e9stamo, se tuvo que presidir de otros programas dentro de los l\u00edmites de las reglas de operaci\u00f3n.<\/p>\n<p style=\"text-align: justify;\">Durante la conferencia matutina, el Secretario de Finanzas y Administraci\u00f3n, Francisco <img loading=\"lazy\" decoding=\"async\" class=\"alignleft size-medium wp-image-1250845\" src=\"https:\/\/www.acapulcopress.com\/wp-content\/uploads\/2023\/02\/CHILPO-CONFERENCIA2-375x250.jpg\" alt=\"\" width=\"375\" height=\"250\" \/>Apreza M\u00e9ndez, refiri\u00f3 que dicho pr\u00e9stamo ser\u00e1 ocupado para compensar el recurso que fue asignado para solventar los compromisos y deudas del a\u00f1o pasado; pr\u00e9stamo que ser\u00e1 cubierto en un m\u00e1ximo de doce meses, sin que se vea afectado el presupuesto del 2023.<\/p>\n<p style=\"text-align: justify;\">\u00abEl recurso que se tom\u00f3 de otros rubros, no represent\u00f3 observaciones de la federaci\u00f3n, y nos ayud\u00f3 a cubrir adeudos que dej\u00f3 la pasada administraci\u00f3n municipal\u00bb, se\u00f1al\u00f3 el funcionario.<\/p>\n<p style=\"text-align: justify;\">Apreza M\u00e9ndez agreg\u00f3 que los marcos normativos, faculta al ayuntamiento a contraer un endeudamiento a corto plazo como lo indica el art\u00edculo 31 para solventar necesidades a corto plazo y sin la necesidad de pasar por la legislatura local, \u00abno representa una deuda p\u00fablica, ya que ser\u00e1 solventado en un m\u00ednimo de 11 meses y en un m\u00e1ximo de 12 meses\u00bb.<\/p>\n<p style=\"text-align: justify;\">Record\u00f3 que el adeudo hist\u00f3rico del ISR asciende a m\u00e1s de 129 millones de pesos, en CFE es por m\u00e1s de 77 millones de pesos, del ISSSPEG de m\u00e1s de 135 millones y m\u00e1s de 59 millones de pesos en prestaciones laborales que dej\u00f3 la pasada administraci\u00f3n municipal, \u00abes por ello que se tuvo que requerir la obtenci\u00f3n de recursos de otros programas para solventar los adeudos\u00bb.<\/p>\n<p style=\"text-align: justify;\">) Reg\u00e1lanos un &#8216;me gusta&#8217; o s\u00edguenos en @<a href=\"https:\/\/www.facebook.com\/acapulcopress.news\" target=\"_blank\" rel=\"noopener\">AcapulcoPress<\/a><\/p>\n","protected":false},"excerpt":{"rendered":"<p>* Ser\u00e1 para cubrir adeudos heredados, informa el Secretario de Finanzas del Gobierno de Chilpancingo, Francisco Apreza M\u00e9ndez, en conferencia de prensa presidida por la alcaldesa Norma Otilia Hern\u00e1ndez Mart\u00ednez CHILPANCINGO * 13 de febrero de 2023. ) Gobierno de Chilpancingo Con la finalidad de hacer frente al d\u00e9ficit financiero heredado por pasadas administraciones, el&#8230;<\/p>\n","protected":false},"author":2,"featured_media":1250846,"comment_status":"closed","ping_status":"closed","sticky":false,"template":"","format":"standard","meta":{"footnotes":""},"categories":[1972,1982,18561],"tags":[4951,8853,9291,13744],"class_list":["post-1250843","post","type-post","status-publish","format-standard","has-post-thumbnail","hentry","category-special","category-gobierno-de-chilpancingo","category-society-politics","tag-cabildo-de-chilpancingo","tag-francisco-apreza-mendez","tag-gobierno-de-chilpancingo","tag-norma-otilia-hernandez-martinez"],"_links":{"self":[{"href":"https:\/\/www.acapulcopress.com\/index.php\/wp-json\/wp\/v2\/posts\/1250843","targetHints":{"allow":["GET"]}}],"collection":[{"href":"https:\/\/www.acapulcopress.com\/index.php\/wp-json\/wp\/v2\/posts"}],"about":[{"href":"https:\/\/www.acapulcopress.com\/index.php\/wp-json\/wp\/v2\/types\/post"}],"author":[{"embeddable":true,"href":"https:\/\/www.acapulcopress.com\/index.php\/wp-json\/wp\/v2\/users\/2"}],"replies":[{"embeddable":true,"href":"https:\/\/www.acapulcopress.com\/index.php\/wp-json\/wp\/v2\/comments?post=1250843"}],"version-history":[{"count":0,"href":"https:\/\/www.acapulcopress.com\/index.php\/wp-json\/wp\/v2\/posts\/1250843\/revisions"}],"wp:featuredmedia":[{"embeddable":true,"href":"https:\/\/www.acapulcopress.com\/index.php\/wp-json\/"}],"wp:attachment":[{"href":"https:\/\/www.acapulcopress.com\/index.php\/wp-json\/wp\/v2\/media?parent=1250843"}],"wp:term":[{"taxonomy":"category","embeddable":true,"href":"https:\/\/www.acapulcopress.com\/index.php\/wp-json\/wp\/v2\/categories?post=1250843"},{"taxonomy":"post_tag","embeddable":true,"href":"https:\/\/www.acapulcopress.com\/index.php\/wp-json\/wp\/v2\/tags?post=1250843"}],"curies":[{"name":"wp","href":"https:\/\/api.w.org\/{rel}","templated":true}]}}