{"id":1250857,"date":"2023-02-16T19:20:18","date_gmt":"2023-02-17T01:20:18","guid":{"rendered":"https:\/\/www.acapulcopress.com\/?p=1250857"},"modified":"2023-02-16T19:20:18","modified_gmt":"2023-02-17T01:20:18","slug":"acuerdan-gobernadora-evelyn-salgado-y-alcaldesa-de-acapulco-trabajo-conjunto-a-favor-del-puerto","status":"publish","type":"post","link":"https:\/\/www.acapulcopress.com\/index.php\/2023\/02\/16\/acuerdan-gobernadora-evelyn-salgado-y-alcaldesa-de-acapulco-trabajo-conjunto-a-favor-del-puerto\/","title":{"rendered":"Acuerdan Gobernadora Evelyn Salgado y alcaldesa de Acapulco trabajo conjunto a favor del puerto"},"content":{"rendered":"<p style=\"text-align: justify;\">CHILPANCINGO * 16 de febrero de 2023.<br \/>\n<em>) Gobierno de Guerrero<\/em><br \/>\nEl puerto de Acapulco vuelve a brillar gracias a la suma de esfuerzos y el trabajo <img loading=\"lazy\" decoding=\"async\" class=\"alignleft size-medium wp-image-1250863\" src=\"https:\/\/www.acapulcopress.com\/wp-content\/uploads\/2023\/02\/abelina.acasagro6-375x250.jpg\" alt=\"\" width=\"375\" height=\"250\" \/>coordinado entre estado y municipio, coincidieron la gobernadora <a href=\"https:\/\/www.facebook.com\/EvelynSalgadoP\" target=\"_blank\" rel=\"noopener\">Evelyn Salgado Pineda<\/a> y la alcaldesa <a href=\"https:\/\/www.facebook.com\/AbelinaLopezR\" target=\"_blank\" rel=\"noopener\">Abelina L\u00f3pez Rodr\u00edguez<\/a>, al sostener una reuni\u00f3n de trabajo y encuentro fraterno para la proyecci\u00f3n anual en rubros prioritarios y de bienestar para el puerto y sus habitantes.<\/p>\n<p style=\"text-align: justify;\">Este jueves en Casa Guerrero, la gobernadora recibi\u00f3 a la alcaldesa de Acapulco, para afinar en conjunto las acciones a emprender y a las que se dar\u00e1n continuidad en este 2023, en rubros prioritarios como bienestar social y desarrollo rural, as\u00ed como en materia urbana, hidrosanitaria y educativa para el municipio. La coincidencia de ambas mandatarias fue en el sentido de fortalecer la coordinaci\u00f3n para sumar recursos y ampliar proyectos en beneficio de las y los acapulque\u00f1os.<\/p>\n<p style=\"text-align: justify;\"><img loading=\"lazy\" decoding=\"async\" class=\"alignleft size-medium wp-image-1250860\" src=\"https:\/\/www.acapulcopress.com\/wp-content\/uploads\/2023\/02\/abelina.acasagro3-375x250.jpg\" alt=\"\" width=\"375\" height=\"250\" \/>\u00abLa confianza del pueblo es lo que nos motiva a seguir avanzando con paso firme en la ruta de la Cuarta Transformaci\u00f3n para Guerrero y Acapulco. Porque nuestra mayor coincidencia es la de trabajar con el coraz\u00f3n para servir a la gente\u00bb, destacaron.<\/p>\n<p style=\"text-align: justify;\">En la reuni\u00f3n ejecutiva participaron, del gabinete estatal el secretario general de Gobierno, Ludwig Marcial Reynoso N\u00fa\u00f1ez; la secretaria de Desarrollo Urbano, Obras P\u00fablicas y Ordenamiento Territorial, Irene Jim\u00e9nez Montiel; el secretario de Planeaci\u00f3n y Desarrollo Regional de Guerrero, Ren\u00e9 Vargas Pineda; la secretaria de Desarrollo y Bienestar Social, Mar\u00eda del Carmen Cabrera Lagunas; el secretario de Agricultura, Ganader\u00eda, Pesca y Desarrollo Rural, Alejandro Zepeda Castorena; el director <img loading=\"lazy\" decoding=\"async\" class=\"alignleft size-medium wp-image-1250861\" src=\"https:\/\/www.acapulcopress.com\/wp-content\/uploads\/2023\/02\/abelina.acasagro4-375x250.jpg\" alt=\"\" width=\"375\" height=\"250\" \/>general de la Comisi\u00f3n de Agua Potable, Alcantarillado y Saneamiento del Estado de Guerrero (Capaseg), Facundo Gast\u00e9lum F\u00e9lix; el director general de la Comisi\u00f3n de Infraestructura Carretera y Aeroportuaria del Estado de Guerrero (CICAEG), Mart\u00edn Vega Gonz\u00e1lez; el director general del Instituto Guerrerense de la Infraestructura F\u00edsica Educativa (IGIFE), H\u00e9ctor Oyorzabal Hern\u00e1ndez y el jefe de la Oficina de la Gobernadora, Jes\u00fas Uri\u00f3stegui Garc\u00eda.<\/p>\n<p style=\"text-align: justify;\">Por parte del gabinete municipal estuvieron la secretaria de Desarrollo Urbano y Obras P\u00fablicas, Luz Mar\u00eda Meraza Radilla, y la directora de Desarrollo Rural, Sof\u00eda Rodr\u00edguez Mera.<\/p>\n<p style=\"text-align: justify;\"><em>\u00bb Vis\u00edtanos en ) acapulcopress.com y &#8216;s\u00edguenos&#8217; y\/o reg\u00e1lanos un &#8216;like&#8217; en nuestra p\u00e1gina ) facebook.com\/<a href=\"https:\/\/www.facebook.com\/acapulcopress.news\" target=\"_blank\" rel=\"noopener\">acapulcopress.news<\/a><\/em><\/p>\n","protected":false},"excerpt":{"rendered":"<p>CHILPANCINGO * 16 de febrero de 2023. ) Gobierno de Guerrero El puerto de Acapulco vuelve a brillar gracias a la suma de esfuerzos y el trabajo coordinado entre estado y municipio, coincidieron la gobernadora Evelyn Salgado Pineda y la alcaldesa Abelina L\u00f3pez Rodr\u00edguez, al sostener una reuni\u00f3n de trabajo y encuentro fraterno para la&#8230;<\/p>\n","protected":false},"author":2,"featured_media":1250862,"comment_status":"closed","ping_status":"closed","sticky":false,"template":"","format":"standard","meta":{"footnotes":""},"categories":[1983,18561],"tags":[3077,8251],"class_list":["post-1250857","post","type-post","status-publish","format-standard","has-post-thumbnail","hentry","category-guerrerogob","category-society-politics","tag-abelina-lopez-rodriguez","tag-evelyn-salgado-pineda"],"_links":{"self":[{"href":"https:\/\/www.acapulcopress.com\/index.php\/wp-json\/wp\/v2\/posts\/1250857","targetHints":{"allow":["GET"]}}],"collection":[{"href":"https:\/\/www.acapulcopress.com\/index.php\/wp-json\/wp\/v2\/posts"}],"about":[{"href":"https:\/\/www.acapulcopress.com\/index.php\/wp-json\/wp\/v2\/types\/post"}],"author":[{"embeddable":true,"href":"https:\/\/www.acapulcopress.com\/index.php\/wp-json\/wp\/v2\/users\/2"}],"replies":[{"embeddable":true,"href":"https:\/\/www.acapulcopress.com\/index.php\/wp-json\/wp\/v2\/comments?post=1250857"}],"version-history":[{"count":0,"href":"https:\/\/www.acapulcopress.com\/index.php\/wp-json\/wp\/v2\/posts\/1250857\/revisions"}],"wp:featuredmedia":[{"embeddable":true,"href":"https:\/\/www.acapulcopress.com\/index.php\/wp-json\/"}],"wp:attachment":[{"href":"https:\/\/www.acapulcopress.com\/index.php\/wp-json\/wp\/v2\/media?parent=1250857"}],"wp:term":[{"taxonomy":"category","embeddable":true,"href":"https:\/\/www.acapulcopress.com\/index.php\/wp-json\/wp\/v2\/categories?post=1250857"},{"taxonomy":"post_tag","embeddable":true,"href":"https:\/\/www.acapulcopress.com\/index.php\/wp-json\/wp\/v2\/tags?post=1250857"}],"curies":[{"name":"wp","href":"https:\/\/api.w.org\/{rel}","templated":true}]}}