{"id":1250880,"date":"2023-02-16T21:45:35","date_gmt":"2023-02-17T03:45:35","guid":{"rendered":"https:\/\/www.acapulcopress.com\/?p=1250880"},"modified":"2023-02-16T21:45:35","modified_gmt":"2023-02-17T03:45:35","slug":"desde-palacio-nacional-destaca-amlo-trabajo-de-evelyn-salgado-en-guerrero","status":"publish","type":"post","link":"https:\/\/www.acapulcopress.com\/index.php\/2023\/02\/16\/desde-palacio-nacional-destaca-amlo-trabajo-de-evelyn-salgado-en-guerrero\/","title":{"rendered":"Desde Palacio Nacional destaca AMLO trabajo de Evelyn Salgado en Guerrero"},"content":{"rendered":"<div class=\"x11i5rnm xat24cr x1mh8g0r x1vvkbs xdj266r x126k92a\">\n<div dir=\"auto\" style=\"text-align: justify;\">\u00bb <strong>\u00c1ngel<\/strong> | <strong>Blanco<\/strong><\/div>\n<\/div>\n<div class=\"x11i5rnm xat24cr x1mh8g0r x1vvkbs xtlvy1s x126k92a\" style=\"text-align: justify;\">\n<div dir=\"auto\">CIUDAD DE M\u00c9XICO * 16 de febrero de 2023.<\/div>\n<div dir=\"auto\"><em>) <span class=\"xt0psk2\">Acapulco Press<\/span><\/em><\/div>\n<\/div>\n<div class=\"x11i5rnm xat24cr x1mh8g0r x1vvkbs xtlvy1s x126k92a\" style=\"text-align: justify;\">\n<div dir=\"auto\">\n<p>El presidente <a class=\"x1i10hfl xjbqb8w x6umtig x1b1mbwd xaqea5y xav7gou x9f619 x1ypdohk xt0psk2 xe8uvvx xdj266r x11i5rnm xat24cr x1mh8g0r xexx8yu x4uap5 x18d9i69 xkhd6sd x16tdsg8 x1hl2dhg xggy1nq x1a2a7pz xt0b8zv x1qq9wsj xo1l8bm\" tabindex=\"0\" role=\"link\" href=\"https:\/\/www.facebook.com\/lopezobrador.org.mx?__cft__[0]=AZVbKZWpZ05ITY2F9pLQHgkqQQcn6H8afvM2L2P4Di25Wqkgt_y8aLLH9exUvlQeiaYbJdZJkmz0CNcfUWVN2_xANug1fhNbO00AZZO0vHjRRkFuZqyP6RprSzqb5O9dPIFVqyFqMeEO5Ecrk47EDk9A&amp;__tn__=-]K-R\"><span class=\"xt0psk2\">Andr\u00e9s Manuel L\u00f3pez Obrador<\/span><\/a> resalt\u00f3 y reconoci\u00f3 hoy desde Palacio Nacional <img loading=\"lazy\" decoding=\"async\" class=\"alignleft size-medium wp-image-1250882\" src=\"https:\/\/www.acapulcopress.com\/wp-content\/uploads\/2023\/02\/abelina-lopez-y-evelyn-salgado2-375x250.jpg\" alt=\"\" width=\"375\" height=\"250\" \/>el trabajo de la gobernadora de Guerrero, <a class=\"x1i10hfl xjbqb8w x6umtig x1b1mbwd xaqea5y xav7gou x9f619 x1ypdohk xt0psk2 xe8uvvx xdj266r x11i5rnm xat24cr x1mh8g0r xexx8yu x4uap5 x18d9i69 xkhd6sd x16tdsg8 x1hl2dhg xggy1nq x1a2a7pz xt0b8zv x1qq9wsj xo1l8bm\" tabindex=\"0\" role=\"link\" href=\"https:\/\/www.facebook.com\/EvelynSalgadoP?__cft__[0]=AZVbKZWpZ05ITY2F9pLQHgkqQQcn6H8afvM2L2P4Di25Wqkgt_y8aLLH9exUvlQeiaYbJdZJkmz0CNcfUWVN2_xANug1fhNbO00AZZO0vHjRRkFuZqyP6RprSzqb5O9dPIFVqyFqMeEO5Ecrk47EDk9A&amp;__tn__=-]K-R\"><span class=\"xt0psk2\">Evelyn Salgado Pineda<\/span><\/a>.<\/p>\n<\/div>\n<\/div>\n<div class=\"x11i5rnm xat24cr x1mh8g0r x1vvkbs xtlvy1s x126k92a\" style=\"text-align: justify;\">\n<div dir=\"auto\">\n<p>En su conferencia matutina de este jueves, record\u00f3 que \u201cnos quisieron hacer da\u00f1o en Guerrero, pero el que act\u00faa mal, le va mal\u00bb, dijo.<\/p>\n<\/div>\n<\/div>\n<div class=\"x11i5rnm xat24cr x1mh8g0r x1vvkbs xtlvy1s x126k92a\" style=\"text-align: justify;\">\n<div dir=\"auto\">\n<p>\u00abQuisieron quitarnos a la mala un candidato\u00bb, a\u00f1adi\u00f3, en alusi\u00f3n franca al Senador <a class=\"x1i10hfl xjbqb8w x6umtig x1b1mbwd xaqea5y xav7gou x9f619 x1ypdohk xt0psk2 xe8uvvx xdj266r x11i5rnm xat24cr x1mh8g0r xexx8yu x4uap5 x18d9i69 xkhd6sd x16tdsg8 x1hl2dhg xggy1nq x1a2a7pz xt0b8zv x1qq9wsj xo1l8bm\" tabindex=\"0\" role=\"link\" href=\"https:\/\/www.facebook.com\/FelixSalgadoMX?__cft__[0]=AZVbKZWpZ05ITY2F9pLQHgkqQQcn6H8afvM2L2P4Di25Wqkgt_y8aLLH9exUvlQeiaYbJdZJkmz0CNcfUWVN2_xANug1fhNbO00AZZO0vHjRRkFuZqyP6RprSzqb5O9dPIFVqyFqMeEO5Ecrk47EDk9A&amp;__tn__=-]K-R\"><span class=\"xt0psk2\">F\u00e9lix Salgado Macedonio<\/span><\/a>; \u00ab\u00a1y result\u00f3 que quien entr\u00f3 de sustituta es buen\u00edsima, muy trabajadora!\u00bb, destac\u00f3 desde la tribuna nacional de sus conferencias matutinas.<\/p>\n<\/div>\n<\/div>\n<div class=\"x11i5rnm xat24cr x1mh8g0r x1vvkbs xtlvy1s x126k92a\" style=\"text-align: justify;\">\n<div dir=\"auto\">\n<p>De Evelyn Salgado AMLO dijo que est\u00e1 ayudando much\u00edsimo al gobierno federal en los programas y obras de rehabilitaci\u00f3n en ciudades como Acapulco y carreteras en la Costa Chica. Por dicho trabajo de la gobernadora guerrerense anunci\u00f3 que se ampliar\u00e1 el <img loading=\"lazy\" decoding=\"async\" class=\"alignleft size-medium wp-image-1250863\" src=\"https:\/\/www.acapulcopress.com\/wp-content\/uploads\/2023\/02\/abelina.acasagro6-375x250.jpg\" alt=\"\" width=\"375\" height=\"250\" \/>programa Sembrando Vida en Guerrero y que se realizan obras importantes, sobre todo en la Monta\u00f1a, donde se est\u00e1n construyendo caminos y se inici\u00f3 la construcci\u00f3n de un centro de rehabilitaci\u00f3n para ni\u00f1os con discapacidad, en colaboraci\u00f3n con la Fundaci\u00f3n Telet\u00f3n.<\/p>\n<\/div>\n<\/div>\n<div class=\"x11i5rnm xat24cr x1mh8g0r x1vvkbs xtlvy1s x126k92a\" style=\"text-align: justify;\">\n<div dir=\"auto\">\n<p>En el caso de Acapulco, se\u00f1al\u00f3 que se est\u00e1 invirtiendo en la mejora de servicios en colonias populares como Renacimiento; tambi\u00e9n se rehabilit\u00f3 el parque Papagayo, y que el compromiso es seguir mejorando la limpieza de la bah\u00eda.<\/p>\n<\/div>\n<\/div>\n<div class=\"x11i5rnm xat24cr x1mh8g0r x1vvkbs xtlvy1s x126k92a\" style=\"text-align: justify;\">\n<div dir=\"auto\">\n<p>En este contexto, la Gobernadora Evelyn Salgado recibi\u00f3 en Casa Guerrero a la alcaldesa de Acapulco, <a class=\"x1i10hfl xjbqb8w x6umtig x1b1mbwd xaqea5y xav7gou x9f619 x1ypdohk xt0psk2 xe8uvvx xdj266r x11i5rnm xat24cr x1mh8g0r xexx8yu x4uap5 x18d9i69 xkhd6sd x16tdsg8 x1hl2dhg xggy1nq x1a2a7pz xt0b8zv x1qq9wsj xo1l8bm\" tabindex=\"0\" role=\"link\" href=\"https:\/\/www.facebook.com\/AbelinaLopezR?__cft__[0]=AZVbKZWpZ05ITY2F9pLQHgkqQQcn6H8afvM2L2P4Di25Wqkgt_y8aLLH9exUvlQeiaYbJdZJkmz0CNcfUWVN2_xANug1fhNbO00AZZO0vHjRRkFuZqyP6RprSzqb5O9dPIFVqyFqMeEO5Ecrk47EDk9A&amp;__tn__=-]K-R\"><span class=\"xt0psk2\">Abelina L\u00f3pez Rodr\u00edguez<\/span><\/a>, con quien analiz\u00f3 temas diversos del puerto y le <img loading=\"lazy\" decoding=\"async\" class=\"alignleft size-medium wp-image-1250882\" src=\"https:\/\/www.acapulcopress.com\/wp-content\/uploads\/2023\/02\/abelina-lopez-y-evelyn-salgado2-375x250.jpg\" alt=\"\" width=\"375\" height=\"250\" \/>ofreci\u00f3 todo el respaldo solidario de su gobierno para hacer que Acapulco vuelve a brillar no solo tur\u00edsticamente, sino socialmente, por lo que le anunci\u00f3 que el Gobierno del Estado y el Gobierno de Acapulco sumar\u00edan esfuerzos y trabajo coordinado en rubros prioritarios para el bienestar del puerto y sus habitantes.<\/p>\n<\/div>\n<\/div>\n<div class=\"x11i5rnm xat24cr x1mh8g0r x1vvkbs xtlvy1s x126k92a\" style=\"text-align: justify;\">\n<div dir=\"auto\">\n<p>Le reiter\u00f3 que gracias a la confianza del pueblo, la ruta de la Cuarta Transformaci\u00f3n es trabajar con el coraz\u00f3n para servir a la gente de Guerrero y Acapulco, objetivo en el que la alcaldesa acapulque\u00f1a estuvo de acuerdo. Acto seguido, signaron el compromiso de trabajar unida y fraternamente por Guerrero, por Acapulco y por su gente.<\/p>\n<div style=\"width: 640px;\" class=\"wp-video\"><video class=\"wp-video-shortcode\" id=\"video-1250880-1\" width=\"640\" height=\"352\" preload=\"metadata\" controls=\"controls\"><source type=\"video\/mp4\" src=\"https:\/\/www.acapulcopress.com\/wp-content\/uploads\/2023\/02\/amlo-reconoce-trabajo-de-evelyn.mp4?_=1\" \/><a href=\"https:\/\/www.acapulcopress.com\/wp-content\/uploads\/2023\/02\/amlo-reconoce-trabajo-de-evelyn.mp4\">https:\/\/www.acapulcopress.com\/wp-content\/uploads\/2023\/02\/amlo-reconoce-trabajo-de-evelyn.mp4<\/a><\/video><\/div>\n<\/div>\n<\/div>\n<div class=\"x11i5rnm xat24cr x1mh8g0r x1vvkbs xtlvy1s x126k92a\">\n<div dir=\"auto\" style=\"text-align: justify;\"><strong><em>* Vis\u00edtanos en ) <a class=\"x1i10hfl xjbqb8w x6umtig x1b1mbwd xaqea5y xav7gou x9f619 x1ypdohk xt0psk2 xe8uvvx xdj266r x11i5rnm xat24cr x1mh8g0r xexx8yu x4uap5 x18d9i69 xkhd6sd x16tdsg8 x1hl2dhg xggy1nq x1a2a7pz xt0b8zv x1fey0fg\" tabindex=\"0\" role=\"link\" href=\"https:\/\/l.facebook.com\/l.php?u=http%3A%2F%2Facapulcopress.com%2F%3Ffbclid%3DIwAR3TXSo5Mg4z0ywgLAsFNaQVYOmPr5NYu42Dkr-jNQpZyoZfFr_MT7wF7ak&amp;h=AT3U9ET4caMcM_m8PMqnbJIjHCK-uq1BUlYyyCishjYrv0FUptw7LuEzyU3BzXcsUstxzOfIyglFi_UTj6pGmAerXHy-ljlRv-79CrGi0aqxGMQl12m5zGHqxFBnM_ncWS6L&amp;__tn__=-UK-R&amp;c[0]=AT3wtY0okOrCL5BaAEBvjZmcnrWVSFqqEytEbVf_gnBHN2Qygq1PGDc-gg0OJt2M0uqjy6kuXUT2Z0VEi9Gye47huyc3YCWBJlTNVlBVzgKy06DsHzVEGJrKxdJYgmymf9-g8AHmKYloLiH-u582xzP98oWM0VYxbxzW5sgP5IVCCAOyZg\" target=\"_blank\" rel=\"nofollow noopener\">acapulcopress.com<\/a> y &#8216;s\u00edguenos&#8217; y\/o reg\u00e1lanos un &#8216;like&#8217; en nuestra p\u00e1gina ) <a class=\"x1i10hfl xjbqb8w x6umtig x1b1mbwd xaqea5y xav7gou x9f619 x1ypdohk xt0psk2 xe8uvvx xdj266r x11i5rnm xat24cr x1mh8g0r xexx8yu x4uap5 x18d9i69 xkhd6sd x16tdsg8 x1hl2dhg xggy1nq x1a2a7pz xt0b8zv x1qq9wsj xo1l8bm\" tabindex=\"0\" role=\"link\" href=\"https:\/\/www.facebook.com\/acapulcopress.news\/?__cft__[0]=AZVbKZWpZ05ITY2F9pLQHgkqQQcn6H8afvM2L2P4Di25Wqkgt_y8aLLH9exUvlQeiaYbJdZJkmz0CNcfUWVN2_xANug1fhNbO00AZZO0vHjRRkFuZqyP6RprSzqb5O9dPIFVqyFqMeEO5Ecrk47EDk9A&amp;__tn__=kK-R\"><span class=\"xt0psk2\">Acapulco Press<\/span><\/a><\/em><\/strong><\/div>\n<\/div>\n","protected":false},"excerpt":{"rendered":"<p>\u00bb \u00c1ngel | Blanco CIUDAD DE M\u00c9XICO * 16 de febrero de 2023. ) Acapulco Press El presidente Andr\u00e9s Manuel L\u00f3pez Obrador resalt\u00f3 y reconoci\u00f3 hoy desde Palacio Nacional el trabajo de la gobernadora de Guerrero, Evelyn Salgado Pineda. En su conferencia matutina de este jueves, record\u00f3 que \u201cnos quisieron hacer da\u00f1o en Guerrero, pero&#8230;<\/p>\n","protected":false},"author":2,"featured_media":1250881,"comment_status":"closed","ping_status":"closed","sticky":false,"template":"","format":"standard","meta":{"footnotes":""},"categories":[1972,1983,18561],"tags":[3077,3793,3896,6809,8251,9302],"class_list":["post-1250880","post","type-post","status-publish","format-standard","has-post-thumbnail","hentry","category-special","category-guerrerogob","category-society-politics","tag-abelina-lopez-rodriguez","tag-amlo","tag-andres-manuel-lopez-obrador","tag-cuarta-transformacion","tag-evelyn-salgado-pineda","tag-gobierno-de-guerrero"],"_links":{"self":[{"href":"https:\/\/www.acapulcopress.com\/index.php\/wp-json\/wp\/v2\/posts\/1250880","targetHints":{"allow":["GET"]}}],"collection":[{"href":"https:\/\/www.acapulcopress.com\/index.php\/wp-json\/wp\/v2\/posts"}],"about":[{"href":"https:\/\/www.acapulcopress.com\/index.php\/wp-json\/wp\/v2\/types\/post"}],"author":[{"embeddable":true,"href":"https:\/\/www.acapulcopress.com\/index.php\/wp-json\/wp\/v2\/users\/2"}],"replies":[{"embeddable":true,"href":"https:\/\/www.acapulcopress.com\/index.php\/wp-json\/wp\/v2\/comments?post=1250880"}],"version-history":[{"count":0,"href":"https:\/\/www.acapulcopress.com\/index.php\/wp-json\/wp\/v2\/posts\/1250880\/revisions"}],"wp:featuredmedia":[{"embeddable":true,"href":"https:\/\/www.acapulcopress.com\/index.php\/wp-json\/"}],"wp:attachment":[{"href":"https:\/\/www.acapulcopress.com\/index.php\/wp-json\/wp\/v2\/media?parent=1250880"}],"wp:term":[{"taxonomy":"category","embeddable":true,"href":"https:\/\/www.acapulcopress.com\/index.php\/wp-json\/wp\/v2\/categories?post=1250880"},{"taxonomy":"post_tag","embeddable":true,"href":"https:\/\/www.acapulcopress.com\/index.php\/wp-json\/wp\/v2\/tags?post=1250880"}],"curies":[{"name":"wp","href":"https:\/\/api.w.org\/{rel}","templated":true}]}}