{"id":1250896,"date":"2023-02-16T22:33:42","date_gmt":"2023-02-17T04:33:42","guid":{"rendered":"https:\/\/www.acapulcopress.com\/?p=1250896"},"modified":"2023-02-16T22:33:42","modified_gmt":"2023-02-17T04:33:42","slug":"laguna-de-tres-palos-dano-al-medio-ambiente-la-salud-y-economia-de-pescadores","status":"publish","type":"post","link":"https:\/\/www.acapulcopress.com\/index.php\/2023\/02\/16\/laguna-de-tres-palos-dano-al-medio-ambiente-la-salud-y-economia-de-pescadores\/","title":{"rendered":"Laguna de Tres Palos | Da\u00f1o al medio ambiente, la salud y econom\u00eda de pescadores"},"content":{"rendered":"<p style=\"text-align: justify;\">Marem\u00e1gnum<br \/>\n\u00bb<strong> RICARDO<\/strong> | <strong>CASTILLO BARRIENTOS<\/strong><br \/>\n<em>) Facebook: @ <a href=\"https:\/\/www.facebook.com\/ricardocastill01\" target=\"_blank\" rel=\"noopener\">Ricardo Castillo Barrientos<\/a><\/em><\/p>\n<p style=\"text-align: justify;\">Cada d\u00eda que pasa la laguna de Tres Palos va incrementando su volumen de contaminaci\u00f3n y con ello, la actividad pesquera sufre un decremento y un riesgo sanitario que ya causa da\u00f1os de consideraci\u00f3n al cuerpo de agua y a la econom\u00eda familiar de los pescadores ribere\u00f1os.<\/p>\n<p style=\"text-align: justify;\">La cuenca del r\u00edo de La Sabana desemboca en el principal cuerpo lagunar, viene arrastrando consigo interminables descargas de aguas negras de las diferentes comunidades y colonias ubicadas a lo largo de m\u00e1s de 20 kil\u00f3metros de su trayectoria.<br \/>\nDesafortunadamente no se realizan trabajos de saneamiento por parte de autoridades, principalmente de Semarnat y Conagua, que no han mostrado inter\u00e9s en atender este desastre ecol\u00f3gico, que en pleno siglo XXI confirman el alto grado de subdesarrollo en materia ambiental.<\/p>\n<p style=\"text-align: justify;\">Es tiempo que los tres niveles de gobierno se avoquen de inmediato a ofrecer alternativas de soluci\u00f3n, a fin de no llegar al extremo de perder la laguna de Tres Palos y que despu\u00e9s tengamos que lamentar por la irresponsabilidad de quienes tienen la obligaci\u00f3n de cuidar nuestros cuerpos de agua dulce.<\/p>\n<p style=\"text-align: justify;\">Existen diversos estudios de investigadores universitarios y oficiales, que de manera exhaustiva han elaborado diagn\u00f3sticos sobre la situaci\u00f3n prevaleciente en que se encuentra en la actualidad el r\u00edo de La Sabana, sin embargo hay o\u00eddos sordos y omisos, que no mueven un dedo para enfrentar el problema.<\/p>\n<p style=\"text-align: justify;\">Un estudio elaborado conjuntamente entre la Universidad Aut\u00f3noma de Guerrero y los Institutos Tecnol\u00f3gicos de Acapulco y Chilpancingo, revelan que adem\u00e1s \u201cla problem\u00e1tica ambiental se agudiza por la deforestaci\u00f3n del R\u00edo La Sabana y representa la principal fuente de contaminaci\u00f3n de la laguna\u201d.<\/p>\n<p style=\"text-align: justify;\">En septiembre del a\u00f1o pasado se llev\u00f3 a cabo un \u201cForo por el Rescate del R\u00edo de la Sabana\u201d, organizado por la Asociaci\u00f3n Civil \u201cGuerrero es Primero\u201d, donde confluyeron asociaciones ecol\u00f3gicas representantes e instituciones oficiales y el p\u00e1rroco de La Sabana, Jes\u00fas Mendoza Zaragoza, quien ha tomado la iniciativa.. Se hizo el planteamiento de la gravedad del problema y sus posibles soluciones y como se han logrado rescatar en otras entidades federativas y otros pa\u00edses, r\u00edos, lagos y lagunas, que pr\u00e1cticamente yac\u00edan inertes por el alt\u00edsimo grado de contaminaci\u00f3n, siendo posible rescatar nuestros cuerpos de agua. No hay porque esperar m\u00e1s y poner manos a la obra.<\/p>\n<p style=\"text-align: justify;\">Marea Baja.- Ya que hablamos de contaminaci\u00f3n, no cesan los escurrimientos de aguas residuales que transitan por los arroyos y por las descargas de establecimientos de la zona costera. Este problema no es nuevo y no debe de achacarse a un gobierno en especial, sino a todos, incluida l propia sociedad.<\/p>\n<p style=\"text-align: justify;\">Sin duda, se requiere presentar un proyecto ecol\u00f3gico que impida que las aguas cloacales sigan afectando a la bah\u00eda, antes que matemos a la gallina de los huevos de oro.<br \/>\nMarea Alta.- Un buen grado de avance lleva la ampliaci\u00f3n de la carretera a La Costa Chica, parece que ahora s\u00ed se podr\u00eda concluir el a\u00f1o pr\u00f3ximo.<\/p>\n<p style=\"text-align: justify;\">La Secretar\u00eda de Infraestructura y Comunicaciones (SICT), est\u00e1 echando toda la carne al asador y se pretende concluir el tramo de San Marcos-Cuajinicuilapa.<\/p>\n<p style=\"text-align: justify;\">Mientras esto sucede, la ampliaci\u00f3n de la carretera a la Costa Grande, tendr\u00e1 que esperar.<br \/>\nMaremoto.- Por cualquier motivo o raz\u00f3n, las carreteras federales o de cuota, son constantemente bloqueadas por grupos ciudadanos, magisteriales o estudiantiles, como m\u00e9todo de lucha para hacerse escuchar ante las autoridades, que no atienden o no dan soluci\u00f3n a sus demandas.<\/p>\n<p style=\"text-align: justify;\">En el caso de la <em>Autopista del Sol,<\/em> ya es ganancia que la Guardia Nacional las mantenga resguardas e impiden de ipso facto cualquier intento de cobro de cuotas por los estudiantes de Ayotzinapa y de otros vivales que ven\u00edan haciendo de esta actividad il\u00edcita su modus vivendi.<\/p>\n<p style=\"text-align: justify;\"><strong>] Esta columna se publica los d\u00edas martes y jueves de cada semana. Hasta la pr\u00f3xima entrega.<\/strong><\/p>\n<p style=\"text-align: justify;\"><em>* Vis\u00edtanos en ) acapulcopress.com y &#8216;s\u00edguenos&#8217; y\/o reg\u00e1lanos un &#8216;like&#8217; en nuestra p\u00e1gina ) facebook.com\/<a href=\"https:\/\/www.facebook.com\/acapulcopress.news\" target=\"_blank\" rel=\"noopener\">acapulcopress.news<\/a><\/em><\/p>\n","protected":false},"excerpt":{"rendered":"<p>Marem\u00e1gnum \u00bb RICARDO | CASTILLO BARRIENTOS ) Facebook: @ Ricardo Castillo Barrientos Cada d\u00eda que pasa la laguna de Tres Palos va incrementando su volumen de contaminaci\u00f3n y con ello, la actividad pesquera sufre un decremento y un riesgo sanitario que ya causa da\u00f1os de consideraci\u00f3n al cuerpo de agua y a la econom\u00eda familiar&#8230;<\/p>\n","protected":false},"author":2,"featured_media":1250897,"comment_status":"closed","ping_status":"closed","sticky":false,"template":"","format":"standard","meta":{"footnotes":""},"categories":[2071,1991],"tags":[11667,12503,15574],"class_list":["post-1250896","post","type-post","status-publish","format-standard","has-post-thumbnail","hentry","category-opinion-analisis-columnas","category-libertad-de-expresion","tag-laguna-de-tres-palos-acapulco","tag-maremagnum","tag-ricardo-castillo-barriento"],"_links":{"self":[{"href":"https:\/\/www.acapulcopress.com\/index.php\/wp-json\/wp\/v2\/posts\/1250896","targetHints":{"allow":["GET"]}}],"collection":[{"href":"https:\/\/www.acapulcopress.com\/index.php\/wp-json\/wp\/v2\/posts"}],"about":[{"href":"https:\/\/www.acapulcopress.com\/index.php\/wp-json\/wp\/v2\/types\/post"}],"author":[{"embeddable":true,"href":"https:\/\/www.acapulcopress.com\/index.php\/wp-json\/wp\/v2\/users\/2"}],"replies":[{"embeddable":true,"href":"https:\/\/www.acapulcopress.com\/index.php\/wp-json\/wp\/v2\/comments?post=1250896"}],"version-history":[{"count":0,"href":"https:\/\/www.acapulcopress.com\/index.php\/wp-json\/wp\/v2\/posts\/1250896\/revisions"}],"wp:featuredmedia":[{"embeddable":true,"href":"https:\/\/www.acapulcopress.com\/index.php\/wp-json\/"}],"wp:attachment":[{"href":"https:\/\/www.acapulcopress.com\/index.php\/wp-json\/wp\/v2\/media?parent=1250896"}],"wp:term":[{"taxonomy":"category","embeddable":true,"href":"https:\/\/www.acapulcopress.com\/index.php\/wp-json\/wp\/v2\/categories?post=1250896"},{"taxonomy":"post_tag","embeddable":true,"href":"https:\/\/www.acapulcopress.com\/index.php\/wp-json\/wp\/v2\/tags?post=1250896"}],"curies":[{"name":"wp","href":"https:\/\/api.w.org\/{rel}","templated":true}]}}