{"id":1250901,"date":"2023-02-15T22:44:34","date_gmt":"2023-02-16T04:44:34","guid":{"rendered":"https:\/\/www.acapulcopress.com\/?p=1250901"},"modified":"2023-02-15T22:44:34","modified_gmt":"2023-02-16T04:44:34","slug":"los-grandes-proyectos-para-acapulco","status":"publish","type":"post","link":"https:\/\/www.acapulcopress.com\/index.php\/2023\/02\/15\/los-grandes-proyectos-para-acapulco\/","title":{"rendered":"Los grandes proyectos para Acapulco"},"content":{"rendered":"<p style=\"text-align: justify;\">Marem\u00e1gnum<br \/>\n\u00bb <strong>RICARDO<\/strong> | <strong>CASTILLO BARRIENTOS<\/strong><br \/>\n<em>) Facebook: @ R<a href=\"https:\/\/www.facebook.com\/ricardocastill01\" target=\"_blank\" rel=\"noopener\">icardo Castillo Barrientos<\/a><\/em><\/p>\n<p style=\"text-align: justify;\">Salvo la concreci\u00f3n de proyectos recientes como el <em>Macrot\u00fanel<\/em> y el <em>Acab\u00fas,<\/em> no se est\u00e1 desarrollando ni planeado, proyectos de gran calado, que se tornan vitales por la importancia del puerto de Acapulco como destino tur\u00edstico nacional, aunque decay\u00f3 en el plano internacional.<\/p>\n<p style=\"text-align: justify;\">Afortunadamente para los acapulque\u00f1os, los turistas provenientes del centro del pa\u00eds, en su mayor\u00eda vienen a disfrutar de las maravillosas playas que generosamente nos obsequi\u00f3 la madre naturaleza.<\/p>\n<p style=\"text-align: justify;\">Los malquerientes del puerto insisten en afirmar que Acapulco es un destino cansado porque su infraestructura hotelera no se ha renovado desde d\u00e9cadas, a excepci\u00f3n de algunos hoteles de Punta Diamante de reciente construcci\u00f3n. Tambi\u00e9n se refieren a la carencia de nuevos atractivos tur\u00edsticos m\u00e1s all\u00e1 de playas y antros.<\/p>\n<p style=\"text-align: justify;\">La bah\u00eda debe de conservarse impecable y ofrecer garant\u00eda de la pureza y transparencia de sus aguas marinas, para no quedar atr\u00e1s de otros destinos como Canc\u00fan, Los Cabos y Puerto Vallarta, que nos han superado en varios sentidos.<\/p>\n<p style=\"text-align: justify;\">Un nuevo y gran atractivo ser\u00eda el <em>Marib\u00fas,<\/em> tipo de transporte mar\u00edtimo que podr\u00eda dar servicio de Caleta a Puerto Marqu\u00e9s, en una primera etapa. Gran disfrute y nueva experiencia para nuestros visitantes, adem\u00e1s de desahogar la Costera Miguel Alem\u00e1n, que se satura en temporadas vacacionales.<\/p>\n<p style=\"text-align: justify;\">El Aerob\u00fas o Telef\u00e9rico resultar\u00eda otro de los grandes atractivos, porque adem\u00e1s de coadyuvar a la transportaci\u00f3n local, ofrecer\u00eda la sensaci\u00f3n de un gran espect\u00e1culo digno de admirar desde las alturas a nuestro maravilloso y bello puerto de Acapulco.<\/p>\n<p style=\"text-align: justify;\">Tal vez para los incr\u00e9dulos o esc\u00e9pticos resulten irrealizables estos proyectos ya consolidados en otras ciudades del pa\u00eds y del extranjero. No es nada nuevo, ante la necesidad de la modernizaci\u00f3n del puerto. Tambi\u00e9n la continuaci\u00f3n del Macrot\u00fanel de Llano Largo a Metlapil, se hace indispensable.<\/p>\n<p style=\"text-align: justify;\">Afortunadamente, hay inversionistas nacionales que les interesa este tipo de proyectos porque les representan ganancias exorbitantes para la amortizaci\u00f3n de su inversi\u00f3n. Adem\u00e1s, el gobierno federal a trav\u00e9s de Banobras y la SICT, podr\u00edan inyectar recursos federales por la excelente relaci\u00f3n entre la gobernadora Evelyn Salgado y el presidente L\u00f3pez Obrador.<\/p>\n<p style=\"text-align: justify;\">Marea Baja.- Una verdadera l\u00e1stima la falta de acuerdo entre el Ayuntamiento de Acapulco y el Gobierno del Estado, para poner en marcha el Rastro Frigor\u00edfico Tipo TIF, ubicado en la comunidad El Salto, ya concluido con una inversi\u00f3n de casi 200 millones de pesos, solo con dos o tres detalles faltantes. Por ley, este servicio corresponde a la autoridad municipal, ya sea su operaci\u00f3n o concesi\u00f3n.<\/p>\n<p style=\"text-align: justify;\">Vamos para tres d\u00e9cadas que se carece de un rastro municipal. El \u00faltimo se ubic\u00f3 en La S\u00e1bana ; lo que ha generado grave problema sanitario por la matanza clandestina de ganados vacuno, porcino y aves, dispersados en varios lugares del municipio, ante la indiferencia oficial.<\/p>\n<p style=\"text-align: justify;\"><strong>Marea Alta.<\/strong>&#8211; Hoy es un gran d\u00eda para refrendar los lazos de amor y amistad que une al g\u00e9nero humano, con muestras de afecto y celebraciones.<\/p>\n<p style=\"text-align: justify;\">Por este motivo, los Ayuntamientos y el Gobierno del Estado, realizar\u00e1n este d\u00eda sendas bodas colectivas donde a las parejas contrayentes recibir\u00e1n parte de los ajuares de novias. Por esta ocasi\u00f3n la comunidad LGBT quedar\u00e1 al margen hasta que se aplique la ley correspondiente.<\/p>\n<p style=\"text-align: justify;\"><strong>Maremoto<\/strong>.- A inicios del pr\u00f3ximo a\u00f1o habr\u00e1n de seleccionarse los candidatos a las presidencias municipales de la entidad. Los dirigentes partidistas, principalmente de Morena, PRI y PRD, tendr\u00e1n la tremenda responsabilidad de cuidar los procesos internos, a fin de evitar se escojan a personajes ligados a grupos criminales, empe\u00f1ados en controlar las obras y adquisiciones de los municipales, adem\u00e1s de los cargos de seguridad p\u00fablica.<\/p>\n<p style=\"text-align: justify;\">Una forma de evitar que esto suceda, ser\u00e1 conveniente realizar asambleas p\u00fablicas en aquellos municipios donde se ven m\u00e1s amenazados, como en la Tierra Caliente, Regi\u00f3n Norte y Costa Grande. Estamos a tiempo y no lamentar despu\u00e9s. Y aplicar encuestas para los dem\u00e1s municipios.<\/p>\n<p style=\"text-align: justify;\"><strong><em>* Vis\u00edtanos en ) acapulcopress.com y &#8216;s\u00edguenos&#8217; y\/o reg\u00e1lanos un &#8216;like&#8217; en nuestra p\u00e1gina ) facebook.com\/acapulcopress.news<\/em><\/strong><\/p>\n<p style=\"text-align: justify;\">https:\/\/www.facebook.com\/acapulcopress.new<\/p>\n","protected":false},"excerpt":{"rendered":"<p>Marem\u00e1gnum \u00bb RICARDO | CASTILLO BARRIENTOS ) Facebook: @ Ricardo Castillo Barrientos Salvo la concreci\u00f3n de proyectos recientes como el Macrot\u00fanel y el Acab\u00fas, no se est\u00e1 desarrollando ni planeado, proyectos de gran calado, que se tornan vitales por la importancia del puerto de Acapulco como destino tur\u00edstico nacional, aunque decay\u00f3 en el plano internacional&#8230;.<\/p>\n","protected":false},"author":2,"featured_media":1250902,"comment_status":"closed","ping_status":"closed","sticky":false,"template":"","format":"standard","meta":{"footnotes":""},"categories":[2071,1991],"tags":[3128,12279,12503,12634,15574],"class_list":["post-1250901","post","type-post","status-publish","format-standard","has-post-thumbnail","hentry","category-opinion-analisis-columnas","category-libertad-de-expresion","tag-acabus","tag-macrotunel","tag-maremagnum","tag-maribus","tag-ricardo-castillo-barriento"],"_links":{"self":[{"href":"https:\/\/www.acapulcopress.com\/index.php\/wp-json\/wp\/v2\/posts\/1250901","targetHints":{"allow":["GET"]}}],"collection":[{"href":"https:\/\/www.acapulcopress.com\/index.php\/wp-json\/wp\/v2\/posts"}],"about":[{"href":"https:\/\/www.acapulcopress.com\/index.php\/wp-json\/wp\/v2\/types\/post"}],"author":[{"embeddable":true,"href":"https:\/\/www.acapulcopress.com\/index.php\/wp-json\/wp\/v2\/users\/2"}],"replies":[{"embeddable":true,"href":"https:\/\/www.acapulcopress.com\/index.php\/wp-json\/wp\/v2\/comments?post=1250901"}],"version-history":[{"count":0,"href":"https:\/\/www.acapulcopress.com\/index.php\/wp-json\/wp\/v2\/posts\/1250901\/revisions"}],"wp:featuredmedia":[{"embeddable":true,"href":"https:\/\/www.acapulcopress.com\/index.php\/wp-json\/"}],"wp:attachment":[{"href":"https:\/\/www.acapulcopress.com\/index.php\/wp-json\/wp\/v2\/media?parent=1250901"}],"wp:term":[{"taxonomy":"category","embeddable":true,"href":"https:\/\/www.acapulcopress.com\/index.php\/wp-json\/wp\/v2\/categories?post=1250901"},{"taxonomy":"post_tag","embeddable":true,"href":"https:\/\/www.acapulcopress.com\/index.php\/wp-json\/wp\/v2\/tags?post=1250901"}],"curies":[{"name":"wp","href":"https:\/\/api.w.org\/{rel}","templated":true}]}}