{"id":1250905,"date":"2023-02-16T23:36:49","date_gmt":"2023-02-17T05:36:49","guid":{"rendered":"https:\/\/www.acapulcopress.com\/?p=1250905"},"modified":"2023-02-16T23:36:49","modified_gmt":"2023-02-17T05:36:49","slug":"4t-evade-a-onu-verdad-sobre-muerte-de-periodistas","status":"publish","type":"post","link":"https:\/\/www.acapulcopress.com\/index.php\/2023\/02\/16\/4t-evade-a-onu-verdad-sobre-muerte-de-periodistas\/","title":{"rendered":"4T evade a ONU verdad sobre muerte de periodistas"},"content":{"rendered":"<p style=\"text-align: justify;\">CIUDAD DE M\u00c9XICO * 16 de febrero de 2023.<br \/>\n<em>) <a href=\"https:\/\/www.proceso.com.mx\/nacional\/2023\/2\/16\/la-onu-pregunta-amlo-sobre-asesinatos-de-periodistas-la-4t-responde-medias-302195.html\" target=\"_blank\" rel=\"noopener\">Apro<\/a><\/em><br \/>\nExpertos de la ONU pidieron al gobierno del presidente Andr\u00e9s Manuel L\u00f3pez Obrador informaci\u00f3n detallada sobre los asesinatos de periodistas en 2022 as\u00ed como ofrecer explicaciones sobre el descr\u00e9dito a periodistas en el marco de las conferencias matutinas, a lo que la 4T respondi\u00f3 a medias.<\/p>\n<p style=\"text-align: justify;\">En una carta enviada el 17 de octubre de 2022 por Irene Khan, relatora especial sobre la promoci\u00f3n y protecci\u00f3n del derecho a la libertad de opini\u00f3n y de expresi\u00f3n; Morris Tidball-Binz, relator especial sobre ejecuciones extrajudiciales, sumarias o arbitrarias, y Mary Lawlor, relatora especial sobre la situaci\u00f3n de los defensores de derechos humanos, urgen al gobierno a contestar de manera detallada y exhaustiva a sus preguntas sobre los asesinatos a periodistas en el contexto de violencia que se vive en el pa\u00eds.<\/p>\n<p style=\"text-align: justify;\">\u201cQuisi\u00e9ramos se\u00f1alar a la atenci\u00f3n urgente del Gobierno de su Excelencia la informaci\u00f3n que hemos recibido en relaci\u00f3n con los asesinatos de numerosos periodistas que podr\u00edan estar relacionados con su actividad period\u00edstica desde el principio del a\u00f1o vigente\u2019\u2019, cita el documento al que tuvo acceso Proceso.<\/p>\n<p style=\"text-align: justify;\">\u201cEstos asesinatos se enmarcan en un contexto sumamente preocupante para los periodistas en M\u00e9xico. Durante el a\u00f1o 2021, se registraron al menos ocho asesinatos y dos desapariciones de periodistas que pudieron derivar o estar relacionados con la actividad period\u00edstica y las condiciones en las que la ejercen\u2019\u2019, observa.<\/p>\n<p style=\"text-align: justify;\">Los expertos piden informaci\u00f3n detallada sobre el estado actual de las investigaciones llevadas a cabo sobre los asesinatos de Alfonso Margarito Mart\u00ednez Esquivel, Lourdes Maldonado L\u00f3pez, Heber L\u00f3pez V\u00e1squez, Armando Linares L\u00f3pez, Yessenia Mollinedo Falconi, Luis Enrique Ram\u00edrez Ramos y Antonio de la Cruz, \u201cconsiderando la debida diligencia para llevar a cabo una investigaci\u00f3n acorde con el Protocolo de Minnesota sobre la Investigaci\u00f3n de Muertes Potencialmente Il\u00edcitas, es decir, independiente, completa, exhaustiva e imparcial, con el fin de aclarar los hechos e identificar a los responsables, llevarlos ante un tribunal competente, independiente e imparcial, y aplicarles las sanciones penales y\/o administrativas previstas por la ley, y asegurar una reparaci\u00f3n adecuada para las v\u00edctimas\u2019\u2019.<\/p>\n<p style=\"text-align: justify;\">Sobre este punto, el 13 de diciembre de 2022 la canciller\u00eda respondi\u00f3 de manera somera sobre el estado actual de las investigaciones de los asesinatos de Antonio de la Cruz, Luis Enrique Ram\u00edrez Ramos, Armando L\u00f3pez Linares y Heber L\u00f3pez V\u00e1zquez.<\/p>\n<p style=\"text-align: justify;\">Por otra parte, los Relatores Especiales solicitaron a Palacio Nacional \u201cinformaci\u00f3n sobre el contexto de descr\u00e9dito de los periodistas por parte del Presidente, en particular en el marco de sus conferencias matutinas y, en qu\u00e9 sentido estos comentarios permiten cumplir con las obligaciones internacionales asumidas por M\u00e9xico, en particular el art\u00edculo 19 del Pacto Internacional para los Derechos Civiles y Pol\u00edticos\u2019\u2019.<\/p>\n<p style=\"text-align: justify;\">En este sentido, el gobierno de M\u00e9xico descart\u00f3 responder.<\/p>\n<p style=\"text-align: justify;\">En cuanto a la solicitud de proporcionar \u201cinformaci\u00f3n detallada y concreta sobre los mecanismos puestos en marcha por el gobierno mexicano para proteger el libre ejercicio del periodismo en M\u00e9xico, as\u00ed como sobre su eficiencia y mejora\u2019\u2019. La canciller\u00eda destac\u00f3 que \u201c en el presente a\u00f1o se ha intensificado una serie de di\u00e1logos a lo largo del pa\u00eds para el fortalecimiento del Mecanismo de Protecci\u00f3n y la creaci\u00f3n de una ley general de prevenci\u00f3n y protecci\u00f3n ante agresiones de personas defensoras de derechos humanos y periodistas, a fin de recoger las propuestas, necesidades y demandas de dichos sectores de la poblaci\u00f3n, para generar mejores pr\u00e1cticas en la actual pol\u00edtica p\u00fablica y un nuevo marco normativo en la materia que permita definir competencias y establecer obligaciones espec\u00edficas para las autoridades de los tres \u00f3rdenes de gobierno (federal, estatal y municipal), en materia de prevenci\u00f3n y protecci\u00f3n ante agresiones, siendo el caso que, en lo que va del a\u00f1o, se han llevado a cabo m\u00e1s de trece reuniones de esta naturaleza en diversas entidades federativas y se tienen programadas otras en las pr\u00f3ximas semanas\u2019\u2019.<\/p>\n<p style=\"text-align: justify;\">En cuanto a la cuesti\u00f3n de la impunidad, \u201ctambi\u00e9n queremos hacer referencia a la necesidad de reforzar las medidas de investigaci\u00f3n, incluyendo la ampliaci\u00f3n del alcance de las investigaciones sobre los asesinatos de periodistas, para considerar el contexto en que ocurrieron, los patrones que explican su comisi\u00f3n, y su posible vinculaci\u00f3n con la actividad period\u00edstica\u2019\u2019, recalca el documento cuesti\u00f3n a la que la canciller\u00eda no respondi\u00f3.<\/p>\n<p style=\"text-align: justify;\">En relaci\u00f3n con las alegaciones arriba mencionadas, los expertos env\u00edan al gobierno de L\u00f3pez Obrador un anexo de referencias al derecho internacional de los derechos humanos el cual resume los instrumentos y principios internacionales pertinentes.<\/p>\n<p style=\"text-align: justify;\">A pesar de que los expertos piden informes sobre siete periodistas, y que el gobierno respondi\u00f3 hasta el 13 de diciembre solamente sobre cuatro comunicadores, la 4T no tuvo a bien incluir los nombres o la situaci\u00f3n de los otros ocho periodistas privados de la vida por su labor period\u00edstica en el resto del mismo a\u00f1o y despu\u00e9s de haber recibido la comunicaci\u00f3n urgente de la ONU.<\/p>\n<p><em>* Vis\u00edtanos en ) acapulcopress.com y &#8216;s\u00edguenos&#8217; y\/o reg\u00e1lanos un &#8216;like&#8217; en nuestra p\u00e1gina ) facebook.com\/<a href=\"https:\/\/www.facebook.com\/acapulcopress.news\" target=\"_blank\" rel=\"noopener\">acapulcopress.news<\/a><\/em><\/p>\n","protected":false},"excerpt":{"rendered":"<p>CIUDAD DE M\u00c9XICO * 16 de febrero de 2023. ) Apro Expertos de la ONU pidieron al gobierno del presidente Andr\u00e9s Manuel L\u00f3pez Obrador informaci\u00f3n detallada sobre los asesinatos de periodistas en 2022 as\u00ed como ofrecer explicaciones sobre el descr\u00e9dito a periodistas en el marco de las conferencias matutinas, a lo que la 4T respondi\u00f3&#8230;<\/p>\n","protected":false},"author":2,"featured_media":1250907,"comment_status":"closed","ping_status":"closed","sticky":false,"template":"","format":"standard","meta":{"footnotes":""},"categories":[1997],"tags":[3627,3896,4008,4139,4243,9695,12126,12174,13967,18241],"class_list":["post-1250905","post","type-post","status-publish","format-standard","has-post-thumbnail","hentry","category-noticias-destacadas","tag-alfonso-margarito-martinez-esquivel","tag-andres-manuel-lopez-obrador","tag-antonio-de-la-cruz","tag-armando-linares-lopez","tag-asesinato-de-periodistas","tag-heber-lopez-vasquez","tag-lourdes-maldonado-lopez","tag-luis-enrique-ramirez-ramos","tag-onu","tag-yessenia-mollinedo-falconi"],"_links":{"self":[{"href":"https:\/\/www.acapulcopress.com\/index.php\/wp-json\/wp\/v2\/posts\/1250905","targetHints":{"allow":["GET"]}}],"collection":[{"href":"https:\/\/www.acapulcopress.com\/index.php\/wp-json\/wp\/v2\/posts"}],"about":[{"href":"https:\/\/www.acapulcopress.com\/index.php\/wp-json\/wp\/v2\/types\/post"}],"author":[{"embeddable":true,"href":"https:\/\/www.acapulcopress.com\/index.php\/wp-json\/wp\/v2\/users\/2"}],"replies":[{"embeddable":true,"href":"https:\/\/www.acapulcopress.com\/index.php\/wp-json\/wp\/v2\/comments?post=1250905"}],"version-history":[{"count":0,"href":"https:\/\/www.acapulcopress.com\/index.php\/wp-json\/wp\/v2\/posts\/1250905\/revisions"}],"wp:featuredmedia":[{"embeddable":true,"href":"https:\/\/www.acapulcopress.com\/index.php\/wp-json\/"}],"wp:attachment":[{"href":"https:\/\/www.acapulcopress.com\/index.php\/wp-json\/wp\/v2\/media?parent=1250905"}],"wp:term":[{"taxonomy":"category","embeddable":true,"href":"https:\/\/www.acapulcopress.com\/index.php\/wp-json\/wp\/v2\/categories?post=1250905"},{"taxonomy":"post_tag","embeddable":true,"href":"https:\/\/www.acapulcopress.com\/index.php\/wp-json\/wp\/v2\/tags?post=1250905"}],"curies":[{"name":"wp","href":"https:\/\/api.w.org\/{rel}","templated":true}]}}