{"id":1250910,"date":"2023-02-17T18:13:16","date_gmt":"2023-02-18T00:13:16","guid":{"rendered":"https:\/\/www.acapulcopress.com\/?p=1250910"},"modified":"2023-02-17T18:13:16","modified_gmt":"2023-02-18T00:13:16","slug":"marcial-rodriguez-y-nora-ruvalcaba-analizan-temas-relevantes-par-la-seg","status":"publish","type":"post","link":"https:\/\/www.acapulcopress.com\/index.php\/2023\/02\/17\/marcial-rodriguez-y-nora-ruvalcaba-analizan-temas-relevantes-par-la-seg\/","title":{"rendered":"Marcial Rodr\u00edguez y Nora Ruvalcaba analizan temas relevantes par la SEG"},"content":{"rendered":"<p style=\"text-align: justify;\">CHILPANCINGO * 17 de febrero de 2023.<br \/>\n<em>) SEG<\/em><br \/>\nEl titular de la <a href=\"https:\/\/www.facebook.com\/EducacionGuerrero\" target=\"_blank\" rel=\"noopener\">Secretar\u00eda de Educaci\u00f3n en Guerrero<\/a> (SEG),<a href=\"https:\/\/www.facebook.com\/MarcialRodriguezS\" target=\"_blank\" rel=\"noopener\"> Marcial Rodr\u00edguez Salda\u00f1a<\/a>, <img loading=\"lazy\" decoding=\"async\" class=\"alignleft size-medium wp-image-1250917\" src=\"https:\/\/www.acapulcopress.com\/wp-content\/uploads\/2023\/02\/marcial-rodriguez2-375x335.jpg\" alt=\"\" width=\"375\" height=\"335\" \/>sostuvo una reuni\u00f3n virtual de trabajo -de manera con la Dra. <a href=\"https:\/\/www.facebook.com\/noraruvalcabamx\" target=\"_blank\" rel=\"noopener\">Nora Ruvalcaba G\u00f3mez<\/a>, subsecretaria de Educaci\u00f3n Media Superior del Gobierno de la Rep\u00fablica, para tratar asuntos relativos a este nivel educativo y el de Prepas Populares.<\/p>\n<p style=\"text-align: justify;\">Rodr\u00edguez Salda\u00f1a, expres\u00f3 que las indicaciones de la gobernadora <a href=\"https:\/\/www.facebook.com\/EvelynSalgadoP\" target=\"_blank\" rel=\"noopener\">Evelyn Salgado Pineda<\/a>, son las de mantener una relaci\u00f3n de coordinaci\u00f3n y colaboraci\u00f3n con el gobierno federal, en este caso, para darle seguimiento al tema de las Prepas Populares.<\/p>\n<p style=\"text-align: justify;\">Estuvo presente en la reuni\u00f3n Marco Antonio Marb\u00e1n Galv\u00e1n, subsecretario de Educaci\u00f3n de Media Superior y Superior.<\/p>\n<p style=\"text-align: justify;\"><em>] Vis\u00edtanos en ) <strong>acapulcopress.com<\/strong> y &#8216;s\u00edguenos&#8217; y\/o reg\u00e1lanos un &#8216;like&#8217; en nuestra p\u00e1gina ) <strong>facebook.com\/<a href=\"https:\/\/www.facebook.com\/acapulcopress.news\" target=\"_blank\" rel=\"noopener\">acapulcopress.news<\/a><\/strong><\/em><\/p>\n","protected":false},"excerpt":{"rendered":"<p>CHILPANCINGO * 17 de febrero de 2023. ) SEG El titular de la Secretar\u00eda de Educaci\u00f3n en Guerrero (SEG), Marcial Rodr\u00edguez Salda\u00f1a, sostuvo una reuni\u00f3n virtual de trabajo -de manera con la Dra. Nora Ruvalcaba G\u00f3mez, subsecretaria de Educaci\u00f3n Media Superior del Gobierno de la Rep\u00fablica, para tratar asuntos relativos a este nivel educativo y&#8230;<\/p>\n","protected":false},"author":2,"featured_media":1250916,"comment_status":"closed","ping_status":"closed","sticky":false,"template":"","format":"standard","meta":{"footnotes":""},"categories":[18561,2081],"tags":[8251,12457,13730,16166],"class_list":["post-1250910","post","type-post","status-publish","format-standard","has-post-thumbnail","hentry","category-society-politics","category-seg","tag-evelyn-salgado-pineda","tag-marcial-rodriguez-saldana","tag-nora-ruvalcaba-gomez","tag-secretaria-de-educacion-en-guerrero-seg"],"_links":{"self":[{"href":"https:\/\/www.acapulcopress.com\/index.php\/wp-json\/wp\/v2\/posts\/1250910","targetHints":{"allow":["GET"]}}],"collection":[{"href":"https:\/\/www.acapulcopress.com\/index.php\/wp-json\/wp\/v2\/posts"}],"about":[{"href":"https:\/\/www.acapulcopress.com\/index.php\/wp-json\/wp\/v2\/types\/post"}],"author":[{"embeddable":true,"href":"https:\/\/www.acapulcopress.com\/index.php\/wp-json\/wp\/v2\/users\/2"}],"replies":[{"embeddable":true,"href":"https:\/\/www.acapulcopress.com\/index.php\/wp-json\/wp\/v2\/comments?post=1250910"}],"version-history":[{"count":0,"href":"https:\/\/www.acapulcopress.com\/index.php\/wp-json\/wp\/v2\/posts\/1250910\/revisions"}],"wp:featuredmedia":[{"embeddable":true,"href":"https:\/\/www.acapulcopress.com\/index.php\/wp-json\/"}],"wp:attachment":[{"href":"https:\/\/www.acapulcopress.com\/index.php\/wp-json\/wp\/v2\/media?parent=1250910"}],"wp:term":[{"taxonomy":"category","embeddable":true,"href":"https:\/\/www.acapulcopress.com\/index.php\/wp-json\/wp\/v2\/categories?post=1250910"},{"taxonomy":"post_tag","embeddable":true,"href":"https:\/\/www.acapulcopress.com\/index.php\/wp-json\/wp\/v2\/tags?post=1250910"}],"curies":[{"name":"wp","href":"https:\/\/api.w.org\/{rel}","templated":true}]}}