{"id":1250920,"date":"2023-02-17T18:37:54","date_gmt":"2023-02-18T00:37:54","guid":{"rendered":"https:\/\/www.acapulcopress.com\/?p=1250920"},"modified":"2023-02-17T18:37:54","modified_gmt":"2023-02-18T00:37:54","slug":"se-acabaron-las-canonjias-advierte-alcaldesa-de-chilpancingo-a-regidores","status":"publish","type":"post","link":"https:\/\/www.acapulcopress.com\/index.php\/2023\/02\/17\/se-acabaron-las-canonjias-advierte-alcaldesa-de-chilpancingo-a-regidores\/","title":{"rendered":"\u00ab\u00a1Se acabaron las canonj\u00edas!\u00bb, advierte alcaldesa de Chilpancingo a regidores"},"content":{"rendered":"<p style=\"text-align: justify;\"><em><strong>* \u00abYo no compro voluntades, como en el pasado, para que s\u00edndicos y regidores aprueben en sesiones de Cabildo las propuestas de los alcaldes\u00bb, suscribe enf\u00e1tica Norma Otilia Hern\u00e1ndez<\/strong><\/em><\/p>\n<p>CHILPANCINGO * 17 de febrero de 2023.<br \/>\n) Gobierno de Chilpancingo<br \/>\nLa presidenta municipal <a href=\"https:\/\/www.facebook.com\/NormaOtiliaHernandez\" target=\"_blank\" rel=\"noopener\">Norma Otilia Hern\u00e1ndez Mart\u00ednez<\/a> advirti\u00f3 que en el cabildo de <a href=\"https:\/\/www.facebook.com\/H.AyuntamientodeChilpancingo\" target=\"_blank\" rel=\"noopener\">Chilpancingo<\/a> ya no hay canonj\u00edas como en el pasado para que los s\u00edndicos y regidores aprobaran en sesiones de cabildo las propuestas de los alcaldes.<\/p>\n<p style=\"text-align: justify;\">Lo anterior luego de las declaraciones que hiciera el regidor morenista,\u00a0<a href=\"https:\/\/www.facebook.com\/ricardoivan.galindezdiaz\" target=\"_blank\" rel=\"noopener\">Ricardo Iv\u00e1n Gal\u00edndez D\u00edaz<\/a>, al informar que impugnar\u00eda la sesi\u00f3n extraordinaria donde se aprobaron varios puntos.<\/p>\n<p style=\"text-align: justify;\">Hern\u00e1ndez Mart\u00ednez se\u00f1al\u00f3 que cuando se sube un tema a Cabildo se analiza y lo discute conforme a la ley, siempre con cr\u00edticas constructivas.<\/p>\n<p style=\"text-align: justify;\">\u00abSin embargo cuando hay respuestas concretas quiero compartirles que hemos salido adelante, ha salido adelante el pueblo de Chilpancingo, pero hay muchos que no est\u00e1n de acuerdo c\u00f3mo trabajo con transparencia, con rendici\u00f3n de cuentas, porque muchos est\u00e1n inconformes porque ya no se gana como antes, porque ya no hay canonj\u00edas, porque quieren sus gestiones, lo he dicho, los ciudadanos votaron por la presidenta, para que yo maneje los recursos, hoy ellos (los regidores) votan en contra precisamente del pueblo, porque ni siquiera es en contra de la presidenta, porque yo camino con el pueblo\u00bb, enfatiz\u00f3.<\/p>\n<p style=\"text-align: justify;\">Consider\u00f3 que estos regidores que son del bloque priista, la del PAN, una del PRD y uno de Morena est\u00e1n inconformes porque ya no se les dan esas gestiones, \u00abyo no compro voluntades, lo que yo hago es precisamente conciliar, por eso agradezco a los s\u00edndicos, regidores, a las regidoras que aprobamos el presupuesto 2023 y que a finales de este mes de febrero estaremos aprobando el presupuesto de obra, dos terceras partes son los que se cumplen con la ley para aprobar este presupuesto\u00bb, puntualiz\u00f3.<\/p>\n<p style=\"text-align: justify;\"><em>] Vis\u00edtanos en ) <strong>acapulcopress.com<\/strong> y &#8216;s\u00edguenos&#8217; y\/o reg\u00e1lanos un &#8216;like&#8217; en nuestra p\u00e1gina ) <strong>facebook.com\/<a href=\"https:\/\/www.facebook.com\/acapulcopress.news\" target=\"_blank\" rel=\"noopener\">acapulcopress.news<\/a><\/strong><\/em><\/p>\n","protected":false},"excerpt":{"rendered":"<p>* \u00abYo no compro voluntades, como en el pasado, para que s\u00edndicos y regidores aprueben en sesiones de Cabildo las propuestas de los alcaldes\u00bb, suscribe enf\u00e1tica Norma Otilia Hern\u00e1ndez CHILPANCINGO * 17 de febrero de 2023. ) Gobierno de Chilpancingo La presidenta municipal Norma Otilia Hern\u00e1ndez Mart\u00ednez advirti\u00f3 que en el cabildo de Chilpancingo ya&#8230;<\/p>\n","protected":false},"author":2,"featured_media":1250918,"comment_status":"closed","ping_status":"closed","sticky":false,"template":"","format":"standard","meta":{"footnotes":""},"categories":[1972,1982,18561],"tags":[9291,13744,15584],"class_list":["post-1250920","post","type-post","status-publish","format-standard","has-post-thumbnail","hentry","category-special","category-gobierno-de-chilpancingo","category-society-politics","tag-gobierno-de-chilpancingo","tag-norma-otilia-hernandez-martinez","tag-ricardo-ivan-galindez-diaz"],"_links":{"self":[{"href":"https:\/\/www.acapulcopress.com\/index.php\/wp-json\/wp\/v2\/posts\/1250920","targetHints":{"allow":["GET"]}}],"collection":[{"href":"https:\/\/www.acapulcopress.com\/index.php\/wp-json\/wp\/v2\/posts"}],"about":[{"href":"https:\/\/www.acapulcopress.com\/index.php\/wp-json\/wp\/v2\/types\/post"}],"author":[{"embeddable":true,"href":"https:\/\/www.acapulcopress.com\/index.php\/wp-json\/wp\/v2\/users\/2"}],"replies":[{"embeddable":true,"href":"https:\/\/www.acapulcopress.com\/index.php\/wp-json\/wp\/v2\/comments?post=1250920"}],"version-history":[{"count":0,"href":"https:\/\/www.acapulcopress.com\/index.php\/wp-json\/wp\/v2\/posts\/1250920\/revisions"}],"wp:featuredmedia":[{"embeddable":true,"href":"https:\/\/www.acapulcopress.com\/index.php\/wp-json\/"}],"wp:attachment":[{"href":"https:\/\/www.acapulcopress.com\/index.php\/wp-json\/wp\/v2\/media?parent=1250920"}],"wp:term":[{"taxonomy":"category","embeddable":true,"href":"https:\/\/www.acapulcopress.com\/index.php\/wp-json\/wp\/v2\/categories?post=1250920"},{"taxonomy":"post_tag","embeddable":true,"href":"https:\/\/www.acapulcopress.com\/index.php\/wp-json\/wp\/v2\/tags?post=1250920"}],"curies":[{"name":"wp","href":"https:\/\/api.w.org\/{rel}","templated":true}]}}