{"id":1250923,"date":"2023-02-17T19:37:42","date_gmt":"2023-02-18T01:37:42","guid":{"rendered":"https:\/\/www.acapulcopress.com\/?p=1250923"},"modified":"2023-02-17T19:37:42","modified_gmt":"2023-02-18T01:37:42","slug":"invita-seculturagro-al-certamen-regional-de-declamacion-2023","status":"publish","type":"post","link":"https:\/\/www.acapulcopress.com\/index.php\/2023\/02\/17\/invita-seculturagro-al-certamen-regional-de-declamacion-2023\/","title":{"rendered":"Invita #SeculturaGro al Certamen Regional de Declamaci\u00f3n 2023"},"content":{"rendered":"<p style=\"text-align: justify;\">CHILPANCINGO * 17 de febrero de 2023.<br \/>\n<em>) Gobierno de Guerrero<\/em><br \/>\nCon motivo del 202 Aniversario de la confecci\u00f3n de nuestro L\u00e1baro Patrio, el <a href=\"https:\/\/www.facebook.com\/GobiernoGuerrero\" target=\"_blank\" rel=\"noopener\">Gobierno del Estado<\/a>, a trav\u00e9s de la<a href=\"https:\/\/www.facebook.com\/SecretariaDeCulturaDeGuerrero\" target=\"_blank\" rel=\"noopener\"> Secretar\u00eda de Cultura<\/a>, en coordinaci\u00f3n con el <a href=\"https:\/\/www.facebook.com\/profile.php?id=100077580805253\" target=\"_blank\" rel=\"noopener\"><em>Museo de la Bandera<\/em><\/a> <em>y <img loading=\"lazy\" decoding=\"async\" class=\"alignleft size-medium wp-image-1250925\" src=\"https:\/\/www.acapulcopress.com\/wp-content\/uploads\/2023\/02\/culturagro2-375x282.jpg\" alt=\"\" width=\"375\" height=\"282\" \/>Santuario de la Patria<\/em> convocan al Certamen Regional de Declamaci\u00f3n 24 de febrero en Iguala.<\/p>\n<p style=\"text-align: justify;\">El certamen se llevar\u00e1 a cabo el domingo 26 de febrero en el Auditorio Vicente Guerrero\u201d, del Museo de la Bandera y Santuario de la Patria, podr\u00e1n participar todos los j\u00f3venes de 14 y 18 a\u00f1os, que radiquen en alguna ciudad de la regi\u00f3n Norte del estado.<\/p>\n<p style=\"text-align: justify;\">La fecha l\u00edmite de registro es el 25 de febrero de 2023 en el Museo de la Bandera, donde entregar\u00e1n copia del acta de nacimiento y 4 paquetes del poema a declamar, el cual debe ser de una extensi\u00f3n m\u00ednima de 1 cuartilla en letra Arial de 12 puntos, con interlineado de 1.5.<\/p>\n<p style=\"text-align: justify;\">El tema del poema puede ser sobre; la Bandera Trigarante, Bandera Nacional, el Plan de <img loading=\"lazy\" decoding=\"async\" class=\"alignleft size-medium wp-image-1250926\" src=\"https:\/\/www.acapulcopress.com\/wp-content\/uploads\/2023\/02\/culturagro3-375x252.jpg\" alt=\"\" width=\"375\" height=\"252\" \/>Iguala, Agust\u00edn de Iturbide, Vicente Guerrero, Ej\u00e9rcito Trigarante y se calificar\u00e1 memorizaci\u00f3n, presentaci\u00f3n, voz, emotividad, proyecci\u00f3n esc\u00e9nica y expresi\u00f3n corporal.<\/p>\n<p style=\"text-align: justify;\">El jurado calificador estar\u00e1 integrado por profesionales en la declamaci\u00f3n y se premiar\u00e1 a los tres primeros lugares con un apoyo econ\u00f3mico y un diploma, adem\u00e1s otorgar\u00e1 menciones\u00a0honorificas.<\/p>\n<p style=\"text-align: justify;\"><em>] Vis\u00edtanos en ) <strong>acapulcopress.com<\/strong> y &#8216;s\u00edguenos&#8217; y\/o reg\u00e1lanos un &#8216;like&#8217; en nuestra p\u00e1gina )<a href=\"https:\/\/www.facebook.com\/acapulcopress.news\" target=\"_blank\" rel=\"noopener\"><strong> facebook.com\/acapulcopress.news<\/strong><\/a><\/em><\/p>\n","protected":false},"excerpt":{"rendered":"<p>CHILPANCINGO * 17 de febrero de 2023. ) Gobierno de Guerrero Con motivo del 202 Aniversario de la confecci\u00f3n de nuestro L\u00e1baro Patrio, el Gobierno del Estado, a trav\u00e9s de la Secretar\u00eda de Cultura, en coordinaci\u00f3n con el Museo de la Bandera y Santuario de la Patria convocan al Certamen Regional de Declamaci\u00f3n 24 de&#8230;<\/p>\n","protected":false},"author":2,"featured_media":1250924,"comment_status":"closed","ping_status":"closed","sticky":false,"template":"","format":"standard","meta":{"footnotes":""},"categories":[18567,1988],"tags":[3404,4561,4562,7652,13440,14612,16051,16147,17830],"class_list":["post-1250923","post","type-post","status-publish","format-standard","has-post-thumbnail","hentry","category-historia-y-civismo","category-lifestyles","tag-agustin-de-iturbide","tag-bandera-nacional","tag-bandera-trigarante","tag-ejercito-trigarante","tag-museo-de-la-bandera","tag-plan-de-iguala","tag-santuario-de-la-patria","tag-secretaria-de-cultura-de-guerrero-secultura","tag-vicente-guerrero"],"_links":{"self":[{"href":"https:\/\/www.acapulcopress.com\/index.php\/wp-json\/wp\/v2\/posts\/1250923","targetHints":{"allow":["GET"]}}],"collection":[{"href":"https:\/\/www.acapulcopress.com\/index.php\/wp-json\/wp\/v2\/posts"}],"about":[{"href":"https:\/\/www.acapulcopress.com\/index.php\/wp-json\/wp\/v2\/types\/post"}],"author":[{"embeddable":true,"href":"https:\/\/www.acapulcopress.com\/index.php\/wp-json\/wp\/v2\/users\/2"}],"replies":[{"embeddable":true,"href":"https:\/\/www.acapulcopress.com\/index.php\/wp-json\/wp\/v2\/comments?post=1250923"}],"version-history":[{"count":0,"href":"https:\/\/www.acapulcopress.com\/index.php\/wp-json\/wp\/v2\/posts\/1250923\/revisions"}],"wp:featuredmedia":[{"embeddable":true,"href":"https:\/\/www.acapulcopress.com\/index.php\/wp-json\/"}],"wp:attachment":[{"href":"https:\/\/www.acapulcopress.com\/index.php\/wp-json\/wp\/v2\/media?parent=1250923"}],"wp:term":[{"taxonomy":"category","embeddable":true,"href":"https:\/\/www.acapulcopress.com\/index.php\/wp-json\/wp\/v2\/categories?post=1250923"},{"taxonomy":"post_tag","embeddable":true,"href":"https:\/\/www.acapulcopress.com\/index.php\/wp-json\/wp\/v2\/tags?post=1250923"}],"curies":[{"name":"wp","href":"https:\/\/api.w.org\/{rel}","templated":true}]}}