{"id":1250930,"date":"2023-02-17T20:02:27","date_gmt":"2023-02-18T02:02:27","guid":{"rendered":"https:\/\/www.acapulcopress.com\/?p=1250930"},"modified":"2023-02-17T20:02:27","modified_gmt":"2023-02-18T02:02:27","slug":"acapulco-y-chilpancingo-lideran-casos-de-covid-en-guerrero","status":"publish","type":"post","link":"https:\/\/www.acapulcopress.com\/index.php\/2023\/02\/17\/acapulco-y-chilpancingo-lideran-casos-de-covid-en-guerrero\/","title":{"rendered":"Acapulco y Chilpancingo lideran casos de Covid en Guerrero"},"content":{"rendered":"<p style=\"text-align: justify;\">CHILPANCINGO * 17 de febrero de 2023.<br \/>\n<a href=\"https:\/\/www.facebook.com\/SSaludGuerrero\" target=\"_blank\" rel=\"noopener\"><em>) Salud Guerrero<\/em><\/a><br \/>\nAl dar a conocer el informe t\u00e9cnico sobre la pandemia de Covid-19, la Secretar\u00eda de Salud reporta al 16 de febrero, 150 casos activos, de los cuales 20 se confirmaron en las \u00faltimas 24 horas.<\/p>\n<p style=\"text-align: justify;\">Al reiterar su llamado a la poblaci\u00f3n por lo que llama a mantener las medidas para evitar el aumento de contagios, indic\u00f3 que la entidad acumula 118,679 casos confirmados y 6,877 defunci\u00f3n por esta causa.<\/p>\n<p style=\"text-align: justify;\">La dependencia detall\u00f3 que Guerrero registra casos activos en 19 municipios, principalmente en Acapulco, con 67; Chilpancingo, 47; Iguala, 6; Chilapa, 4; Pilcaya, 4; Tlapa, 4; Zihuatanejo, 4; Atoyac, 2; Ometepec, 2; y Buenavista de Cu\u00e9llar, 1.<\/p>\n<p style=\"text-align: justify;\">Indic\u00f3 que las medidas preventivas a seguir son el uso correcto de cubrebocas, mantener sana distancia de 1.5 metros, lavado constante de manos con agua y jab\u00f3n y\/o desinfecci\u00f3n con alcohol en gel al 70 por ciento, adem\u00e1s de evitar acudir a lugares de alta concentraci\u00f3n\u00a0de\u00a0personas.<\/p>\n<p style=\"text-align: justify;\"><em>] Vis\u00edtanos en )<strong> acapulcopress.com<\/strong> y &#8216;s\u00edguenos&#8217; y\/o reg\u00e1lanos un &#8216;like&#8217; en nuestra p\u00e1gina )<strong> facebook.com\/<a href=\"https:\/\/www.facebook.com\/acapulcopress.news\" target=\"_blank\" rel=\"noopener\">acapulcopress.news<\/a><\/strong><\/em><\/p>\n","protected":false},"excerpt":{"rendered":"<p>CHILPANCINGO * 17 de febrero de 2023. ) Salud Guerrero Al dar a conocer el informe t\u00e9cnico sobre la pandemia de Covid-19, la Secretar\u00eda de Salud reporta al 16 de febrero, 150 casos activos, de los cuales 20 se confirmaron en las \u00faltimas 24 horas. Al reiterar su llamado a la poblaci\u00f3n por lo que&#8230;<\/p>\n","protected":false},"author":2,"featured_media":1250931,"comment_status":"closed","ping_status":"closed","sticky":false,"template":"","format":"standard","meta":{"footnotes":""},"categories":[2040,1969],"tags":[6697,6705,16241],"class_list":["post-1250930","post","type-post","status-publish","format-standard","has-post-thumbnail","hentry","category-covidgro","category-trending","tag-covid-19-guerrero","tag-covid19","tag-secretaria-de-salud-de-guerrero"],"_links":{"self":[{"href":"https:\/\/www.acapulcopress.com\/index.php\/wp-json\/wp\/v2\/posts\/1250930","targetHints":{"allow":["GET"]}}],"collection":[{"href":"https:\/\/www.acapulcopress.com\/index.php\/wp-json\/wp\/v2\/posts"}],"about":[{"href":"https:\/\/www.acapulcopress.com\/index.php\/wp-json\/wp\/v2\/types\/post"}],"author":[{"embeddable":true,"href":"https:\/\/www.acapulcopress.com\/index.php\/wp-json\/wp\/v2\/users\/2"}],"replies":[{"embeddable":true,"href":"https:\/\/www.acapulcopress.com\/index.php\/wp-json\/wp\/v2\/comments?post=1250930"}],"version-history":[{"count":0,"href":"https:\/\/www.acapulcopress.com\/index.php\/wp-json\/wp\/v2\/posts\/1250930\/revisions"}],"wp:featuredmedia":[{"embeddable":true,"href":"https:\/\/www.acapulcopress.com\/index.php\/wp-json\/"}],"wp:attachment":[{"href":"https:\/\/www.acapulcopress.com\/index.php\/wp-json\/wp\/v2\/media?parent=1250930"}],"wp:term":[{"taxonomy":"category","embeddable":true,"href":"https:\/\/www.acapulcopress.com\/index.php\/wp-json\/wp\/v2\/categories?post=1250930"},{"taxonomy":"post_tag","embeddable":true,"href":"https:\/\/www.acapulcopress.com\/index.php\/wp-json\/wp\/v2\/tags?post=1250930"}],"curies":[{"name":"wp","href":"https:\/\/api.w.org\/{rel}","templated":true}]}}