{"id":1250934,"date":"2023-02-17T20:53:37","date_gmt":"2023-02-18T02:53:37","guid":{"rendered":"https:\/\/www.acapulcopress.com\/?p=1250934"},"modified":"2023-02-17T20:53:37","modified_gmt":"2023-02-18T02:53:37","slug":"tecampanereros-tomaron-ayuntamiento-de-teloloapan","status":"publish","type":"post","link":"https:\/\/www.acapulcopress.com\/index.php\/2023\/02\/17\/tecampanereros-tomaron-ayuntamiento-de-teloloapan\/","title":{"rendered":"Civiles armados toman Ayuntamiento de Teloloapan"},"content":{"rendered":"<p style=\"text-align: justify;\">CHILPANCINGO * 17 de febrero de 2023.<br \/>\n<em>) <a href=\"https:\/\/a-nasa.com.mx\/2023\/02\/17\/paquete-de-noticias-mario-garcia-rodriguez-17-de-febrero-del-2023\/\" target=\"_blank\" rel=\"noopener\">ANASA<\/a><\/em><br \/>\nCiviles armados de la autodenominada <em>Polic\u00eda Tecampanera<\/em> tomaron el Ayuntamiento de Teloloapan para denunciar el decomiso de dos radios de banda civil y ocho tel\u00e9fonos <img loading=\"lazy\" decoding=\"async\" class=\"alignleft size-medium wp-image-1250935\" src=\"https:\/\/www.acapulcopress.com\/wp-content\/uploads\/2023\/02\/Policia-Tecampanera-375x222.jpeg\" alt=\"\" width=\"375\" height=\"222\" \/>celulares, tras una operaci\u00f3n de la Guardia Nacional.<\/p>\n<p style=\"text-align: justify;\">El dispositivo de la Guardia Nacional se llev\u00f3 a cabo a las 12 horas y dos horas despu\u00e9s m\u00e1s de 50 autodefensas acudieron al Palacio Municipal para apoderarse del inmueble, donde tambi\u00e9n retuvieron a un grupo de polic\u00edas municipales, con la finalidad de que haya negociaciones con autoridades estatales.<\/p>\n<p style=\"text-align: justify;\">Consultado sobre el hecho, uno de los integrantes de la autodefensa Ra\u00fal Bahena demand\u00f3 una mesa de di\u00e1logo entre la autodenominada <em>Polic\u00eda Tecampanera<\/em> y el gobierno del estado para pedirle una coordinaci\u00f3n conjunta para la seguridad de Teloloapan.<\/p>\n<p style=\"text-align: justify;\">Ra\u00fal Bahena denunci\u00f3 que el 11 de febrero cuando incursion\u00f3 el <em>Grupo Jaguar,<\/em> la Polic\u00eda Estatal, y la Guardia Nacional en una operaci\u00f3n en la v\u00eda Teloloapan- Altamirano, tambi\u00e9n los agentes les quitaron 50 radios y decenas de tel\u00e9fonos celulares.<\/p>\n<p style=\"text-align: justify;\"><em>] Vis\u00edtanos en ) <strong>acapulcopress.com<\/strong> y &#8216;s\u00edguenos&#8217; y\/o reg\u00e1lanos un &#8216;like&#8217; en nuestra p\u00e1gina )<strong> facebook.com\/<a href=\"https:\/\/www.facebook.com\/acapulcopress.news\" target=\"_blank\" rel=\"noopener\">acapulcopress.news<\/a><\/strong><\/em><\/p>\n","protected":false},"excerpt":{"rendered":"<p>CHILPANCINGO * 17 de febrero de 2023. ) ANASA Civiles armados de la autodenominada Polic\u00eda Tecampanera tomaron el Ayuntamiento de Teloloapan para denunciar el decomiso de dos radios de banda civil y ocho tel\u00e9fonos celulares, tras una operaci\u00f3n de la Guardia Nacional. El dispositivo de la Guardia Nacional se llev\u00f3 a cabo a las 12&#8230;<\/p>\n","protected":false},"author":2,"featured_media":1250936,"comment_status":"closed","ping_status":"closed","sticky":false,"template":"","format":"standard","meta":{"footnotes":""},"categories":[1997],"tags":[4493,9454,9532,14746],"class_list":["post-1250934","post","type-post","status-publish","format-standard","has-post-thumbnail","hentry","category-noticias-destacadas","tag-ayuntamiento-de-teloloapan","tag-grupo-jaguar","tag-guardia-nacional","tag-policia-tecampanera"],"_links":{"self":[{"href":"https:\/\/www.acapulcopress.com\/index.php\/wp-json\/wp\/v2\/posts\/1250934","targetHints":{"allow":["GET"]}}],"collection":[{"href":"https:\/\/www.acapulcopress.com\/index.php\/wp-json\/wp\/v2\/posts"}],"about":[{"href":"https:\/\/www.acapulcopress.com\/index.php\/wp-json\/wp\/v2\/types\/post"}],"author":[{"embeddable":true,"href":"https:\/\/www.acapulcopress.com\/index.php\/wp-json\/wp\/v2\/users\/2"}],"replies":[{"embeddable":true,"href":"https:\/\/www.acapulcopress.com\/index.php\/wp-json\/wp\/v2\/comments?post=1250934"}],"version-history":[{"count":0,"href":"https:\/\/www.acapulcopress.com\/index.php\/wp-json\/wp\/v2\/posts\/1250934\/revisions"}],"wp:featuredmedia":[{"embeddable":true,"href":"https:\/\/www.acapulcopress.com\/index.php\/wp-json\/"}],"wp:attachment":[{"href":"https:\/\/www.acapulcopress.com\/index.php\/wp-json\/wp\/v2\/media?parent=1250934"}],"wp:term":[{"taxonomy":"category","embeddable":true,"href":"https:\/\/www.acapulcopress.com\/index.php\/wp-json\/wp\/v2\/categories?post=1250934"},{"taxonomy":"post_tag","embeddable":true,"href":"https:\/\/www.acapulcopress.com\/index.php\/wp-json\/wp\/v2\/tags?post=1250934"}],"curies":[{"name":"wp","href":"https:\/\/api.w.org\/{rel}","templated":true}]}}