{"id":1250951,"date":"2023-02-17T10:36:09","date_gmt":"2023-02-17T16:36:09","guid":{"rendered":"https:\/\/www.acapulcopress.com\/?p=1250951"},"modified":"2023-02-17T10:36:09","modified_gmt":"2023-02-17T16:36:09","slug":"plantean-ante-congreso-reforma-contra-violencia-simbolica-hacia-las-mujeres","status":"publish","type":"post","link":"https:\/\/www.acapulcopress.com\/index.php\/2023\/02\/17\/plantean-ante-congreso-reforma-contra-violencia-simbolica-hacia-las-mujeres\/","title":{"rendered":"Plantean ante Congreso reforma contra violencia simb\u00f3lica hacia las mujeres"},"content":{"rendered":"<p style=\"text-align: justify;\">CHILPANCINGO * 17 de febrero de 2023.<br \/>\n<em>) Congreso de Guerrero<\/em><br \/>\nLa diputada Jessica Alejo Rayo propuso reformar la Ley de Acceso de las Mujeres a una Vida Libre de Violencia del Estado para incluir el tipo de \u201cviolencia simb\u00f3lica\u201d, definida como toda acci\u00f3n u omisi\u00f3n que reproduce y transmite patrones socioculturales y estereotipados establecidos en funci\u00f3n del sexo, y que trae como consecuencia desigualdad, discriminaci\u00f3n y subordinaci\u00f3n.<\/p>\n<p style=\"text-align: justify;\">En su propuesta que fue turnada a la Comisi\u00f3n para la Igualdad de G\u00e9nero, la legisladora se\u00f1ala entre los objetivos el establecer acciones nuevas para prevenir, atender y erradicar las conductas que permiten, fomentan y toleran la violencia contra las mujeres.<\/p>\n<p style=\"text-align: justify;\">Y es que, se\u00f1al\u00f3, \u201cestructuralmente, a trav\u00e9s de los a\u00f1os, se han mantenido y tolerado diversos tipos de violencia, entre ellos la simb\u00f3lica, que es entendida y relacionada con el abuso de poder instaurado con aprobaci\u00f3n, y se constituye mediante el uso de s\u00edmbolos de autoridad; pudiendo ser oral e institucional; mediante la marginaci\u00f3n, segregaci\u00f3n y astucias de paralizaci\u00f3n manipuladas por instituciones que instrumentalizan maniobras de poder\u201d.<\/p>\n<p style=\"text-align: justify;\">Asegur\u00f3 que la \u201cviolencia simb\u00f3lica\u201d no es un tipo de violencia diferente a la f\u00edsica, psicol\u00f3gica o econ\u00f3mica, y reside en un incesante proceso de actitudes, gestos, esquemas de conducta\u00a0y creencias, cuya conceptualizaci\u00f3n admite percibir la presencia de la supremac\u00eda y el sometimiento de g\u00e9nero, clase o raza.<\/p>\n<p style=\"text-align: justify;\">\u201cPor tanto, la violencia simb\u00f3lica es la base de todos los tipos de violencia, ya que a trav\u00e9s de las costumbres, lenguaje y pr\u00e1cticas cotidianas se refuerzan las relaciones basadas en el dominio y la sumisi\u00f3n, y se encuentra en todos los \u00e1mbitos sociales, como la familia, la escuela, el trabajo, instituciones p\u00fablicas y privadas, en la pr\u00e1ctica religiosa, los medios de comunicaci\u00f3n y, sobre todo, en la m\u00fasica, pues es ah\u00ed donde se transmiten y producen im\u00e1genes, paradigmas, mensajes, valores y normas que refuerzan los estereotipos patriarcales de g\u00e9nero y machismo\u201d, apunt\u00f3.<\/p>\n<p style=\"text-align: justify;\">La propuesta de la diputada Alejo Rayo fue turnada a la Comisi\u00f3n para la Igualdad de G\u00e9nero del Congreso, para su correspondiente an\u00e1lisis y dictaminaci\u00f3n.<\/p>\n<p style=\"text-align: justify;\"><em>] Vis\u00edtanos en ) acapulcopress.com y &#8216;s\u00edguenos&#8217; y\/o reg\u00e1lanos un &#8216;like&#8217; en nuestra p\u00e1gina ) <strong>facebook.com\/<a href=\"https:\/\/www.facebook.com\/acapulcopress.news\" target=\"_blank\" rel=\"noopener\">acapulcopress.news<\/a><\/strong><\/em><\/p>\n","protected":false},"excerpt":{"rendered":"<p>CHILPANCINGO * 17 de febrero de 2023. ) Congreso de Guerrero La diputada Jessica Alejo Rayo propuso reformar la Ley de Acceso de las Mujeres a una Vida Libre de Violencia del Estado para incluir el tipo de \u201cviolencia simb\u00f3lica\u201d, definida como toda acci\u00f3n u omisi\u00f3n que reproduce y transmite patrones socioculturales y estereotipados establecidos&#8230;<\/p>\n","protected":false},"author":2,"featured_media":1250955,"comment_status":"closed","ping_status":"closed","sticky":false,"template":"","format":"standard","meta":{"footnotes":""},"categories":[61,18561],"tags":[6370],"class_list":["post-1250951","post","type-post","status-publish","format-standard","has-post-thumbnail","hentry","category-legislacion","category-society-politics","tag-congreso-de-guerrero"],"_links":{"self":[{"href":"https:\/\/www.acapulcopress.com\/index.php\/wp-json\/wp\/v2\/posts\/1250951","targetHints":{"allow":["GET"]}}],"collection":[{"href":"https:\/\/www.acapulcopress.com\/index.php\/wp-json\/wp\/v2\/posts"}],"about":[{"href":"https:\/\/www.acapulcopress.com\/index.php\/wp-json\/wp\/v2\/types\/post"}],"author":[{"embeddable":true,"href":"https:\/\/www.acapulcopress.com\/index.php\/wp-json\/wp\/v2\/users\/2"}],"replies":[{"embeddable":true,"href":"https:\/\/www.acapulcopress.com\/index.php\/wp-json\/wp\/v2\/comments?post=1250951"}],"version-history":[{"count":0,"href":"https:\/\/www.acapulcopress.com\/index.php\/wp-json\/wp\/v2\/posts\/1250951\/revisions"}],"wp:featuredmedia":[{"embeddable":true,"href":"https:\/\/www.acapulcopress.com\/index.php\/wp-json\/"}],"wp:attachment":[{"href":"https:\/\/www.acapulcopress.com\/index.php\/wp-json\/wp\/v2\/media?parent=1250951"}],"wp:term":[{"taxonomy":"category","embeddable":true,"href":"https:\/\/www.acapulcopress.com\/index.php\/wp-json\/wp\/v2\/categories?post=1250951"},{"taxonomy":"post_tag","embeddable":true,"href":"https:\/\/www.acapulcopress.com\/index.php\/wp-json\/wp\/v2\/tags?post=1250951"}],"curies":[{"name":"wp","href":"https:\/\/api.w.org\/{rel}","templated":true}]}}