{"id":1250997,"date":"2023-02-14T21:57:42","date_gmt":"2023-02-15T03:57:42","guid":{"rendered":"https:\/\/www.acapulcopress.com\/?p=1250997"},"modified":"2023-02-14T21:57:42","modified_gmt":"2023-02-15T03:57:42","slug":"sindicato-levanto-planton-del-congreso-labores-regresan-a-la-normalidad","status":"publish","type":"post","link":"https:\/\/www.acapulcopress.com\/index.php\/2023\/02\/14\/sindicato-levanto-planton-del-congreso-labores-regresan-a-la-normalidad\/","title":{"rendered":"Sindicato levant\u00f3 plant\u00f3n del Congreso; labores regresan a la normalidad"},"content":{"rendered":"<p style=\"text-align: justify;\">CHILPANCINGO * 14 de febrero de 2023.<br \/>\n<em>) Congreso de Guerrero<\/em><br \/>\nEste martes fue liberado el acceso al Congreso del Estado y los trabajadores del sindicato independiente dieron por culminado el paro laboral, con lo que diputadas, diputados, <img loading=\"lazy\" decoding=\"async\" class=\"alignleft size-medium wp-image-1251003\" src=\"https:\/\/www.acapulcopress.com\/wp-content\/uploads\/2023\/02\/laborescongreso5-375x258.jpg\" alt=\"\" width=\"375\" height=\"258\" \/>trabajadoras y trabajadores retomaron sus actividades cotidianas.<\/p>\n<p style=\"text-align: justify;\">Poco antes de las 9:00 de la ma\u00f1ana, el secretario de Servicios Financieros y Administrativos de la instituci\u00f3n, Andr\u00e9s Rosendo Orozco Pintos; la subdirectora de Recursos Humanos, Juanita Avil\u00e9s Rodr\u00edguez y el encargado del \u00d3rgano Interno de Control, Ederht Oyorz\u00e1bal D\u00edaz, abrieron las instalaciones del Congreso e hicieron un recorrido para verificar que todo estuviera en orden.<\/p>\n<p style=\"text-align: justify;\">Lo anterior, luego de que integrantes del Sindicato Sentimientos de la Naci\u00f3n aceptaron instalar una mesa el di\u00e1logo para analizar sus demandas, con lo cual dieron por terminado su movimiento.<\/p>\n<p style=\"text-align: justify;\"><img loading=\"lazy\" decoding=\"async\" class=\"alignleft size-medium wp-image-1251002\" src=\"https:\/\/www.acapulcopress.com\/wp-content\/uploads\/2023\/02\/laborescongreso4-375x242.jpg\" alt=\"\" width=\"375\" height=\"242\" \/>Este lunes, el secretario de Servicios Financieros y Administrativos y el notario n\u00famero 2 de Chilpancingo, Emilio Ortiz Uribe, notificaron a los paristas que el Tribunal de Conciliaci\u00f3n y Arbitraje no tiene registro de alg\u00fan emplazamiento a huelga, por lo que ese paro laboral era ilegal y deb\u00edan liberar las instalaciones.<\/p>\n<p style=\"text-align: justify;\">Las y los trabajadores accedieron a liberar el recinto luego de que la presidenta de la Junta de Coordinaci\u00f3n Pol\u00edtica, diputada Yoloczin Dom\u00ednguez Serna, a trav\u00e9s del citado funcionario, los convoc\u00f3 a un di\u00e1logo 24 horas despu\u00e9s de dicha entrega.<\/p>\n<p style=\"text-align: justify;\">Asimismo, se reiter\u00f3 la disposici\u00f3n del Congreso del Estado al di\u00e1logo institucional y el irrestricto respeto de la instituci\u00f3n, as\u00ed como a los derechos laborales de las y los trabajadores.<\/p>\n<p style=\"text-align: justify;\"><em>] Vis\u00edtanos en ) acapulcopress.com y &#8216;s\u00edguenos&#8217; y\/o reg\u00e1lanos un &#8216;like&#8217; en nuestra p\u00e1gina ) facebook.com\/<a href=\"https:\/\/www.facebook.com\/acapulcopress.news\" target=\"_blank\" rel=\"noopener\">acapulcopress.news<\/a><\/em><\/p>\n","protected":false},"excerpt":{"rendered":"<p>CHILPANCINGO * 14 de febrero de 2023. ) Congreso de Guerrero Este martes fue liberado el acceso al Congreso del Estado y los trabajadores del sindicato independiente dieron por culminado el paro laboral, con lo que diputadas, diputados, trabajadoras y trabajadores retomaron sus actividades cotidianas. Poco antes de las 9:00 de la ma\u00f1ana, el secretario&#8230;<\/p>\n","protected":false},"author":2,"featured_media":1250999,"comment_status":"closed","ping_status":"closed","sticky":false,"template":"","format":"standard","meta":{"footnotes":""},"categories":[61,18561],"tags":[6370],"class_list":["post-1250997","post","type-post","status-publish","format-standard","has-post-thumbnail","hentry","category-legislacion","category-society-politics","tag-congreso-de-guerrero"],"_links":{"self":[{"href":"https:\/\/www.acapulcopress.com\/index.php\/wp-json\/wp\/v2\/posts\/1250997","targetHints":{"allow":["GET"]}}],"collection":[{"href":"https:\/\/www.acapulcopress.com\/index.php\/wp-json\/wp\/v2\/posts"}],"about":[{"href":"https:\/\/www.acapulcopress.com\/index.php\/wp-json\/wp\/v2\/types\/post"}],"author":[{"embeddable":true,"href":"https:\/\/www.acapulcopress.com\/index.php\/wp-json\/wp\/v2\/users\/2"}],"replies":[{"embeddable":true,"href":"https:\/\/www.acapulcopress.com\/index.php\/wp-json\/wp\/v2\/comments?post=1250997"}],"version-history":[{"count":0,"href":"https:\/\/www.acapulcopress.com\/index.php\/wp-json\/wp\/v2\/posts\/1250997\/revisions"}],"wp:featuredmedia":[{"embeddable":true,"href":"https:\/\/www.acapulcopress.com\/index.php\/wp-json\/"}],"wp:attachment":[{"href":"https:\/\/www.acapulcopress.com\/index.php\/wp-json\/wp\/v2\/media?parent=1250997"}],"wp:term":[{"taxonomy":"category","embeddable":true,"href":"https:\/\/www.acapulcopress.com\/index.php\/wp-json\/wp\/v2\/categories?post=1250997"},{"taxonomy":"post_tag","embeddable":true,"href":"https:\/\/www.acapulcopress.com\/index.php\/wp-json\/wp\/v2\/tags?post=1250997"}],"curies":[{"name":"wp","href":"https:\/\/api.w.org\/{rel}","templated":true}]}}