{"id":1251018,"date":"2023-02-20T19:27:03","date_gmt":"2023-02-21T01:27:03","guid":{"rendered":"https:\/\/www.acapulcopress.com\/?p=1251018"},"modified":"2023-02-20T19:27:03","modified_gmt":"2023-02-21T01:27:03","slug":"titular-de-seg-preside-honores-a-la-bandera-en-escuela-primaria-juan-alvarez","status":"publish","type":"post","link":"https:\/\/www.acapulcopress.com\/index.php\/2023\/02\/20\/titular-de-seg-preside-honores-a-la-bandera-en-escuela-primaria-juan-alvarez\/","title":{"rendered":"Titular de SEG preside Honores a la Bandera en Escuela Primaria \u00abJuan \u00c1lvarez\u00bb"},"content":{"rendered":"<p style=\"text-align: justify;\">CHILPANCINGO * 20 de febrero de 2023.<br \/>\n<em>) SEG<\/em><br \/>\n<img loading=\"lazy\" decoding=\"async\" class=\"alignleft size-medium wp-image-1251020\" src=\"https:\/\/www.acapulcopress.com\/wp-content\/uploads\/2023\/02\/MARCIAL-RODRIGUEZ-SALDANA-375x250.jpg\" alt=\"\" width=\"375\" height=\"250\" \/>El secretario de Educaci\u00f3n en Guerrero, Marcial Rodr\u00edguez Salda\u00f1a, presidi\u00f3 la ceremonia de honores a la bandera en la escuela primaria \u00abJuan \u00c1lvarez\u00bb, ubicada en la colonia Izazaga de esta ciudad capital, en donde destac\u00f3 que la gobernadora Evelyn Salgado Pineda, desde el inicio de su gobierno, promueve esta actividad para mantener vigentes nuestros valores nacionales, la admiraci\u00f3n por nuestros h\u00e9roes y el reconocimiento a las luchas hist\u00f3ricas del pueblo de Mexico y de Guerrero.<\/p>\n<p style=\"text-align: justify;\">Rodr\u00edguez Salda\u00f1a manifest\u00f3 que es muy importante realizar estos homenajes para que las ni\u00f1as y ni\u00f1os, adolescentes, j\u00f3venes y adultos, arraiguen el amor a la Patria. Adem\u00e1s hizo entrega de material desinfectante de limpieza, de oficina, c\u00edvico y deportivo.<\/p>\n<p style=\"text-align: justify;\"><img loading=\"lazy\" decoding=\"async\" class=\"alignleft size-medium wp-image-1251023\" src=\"https:\/\/www.acapulcopress.com\/wp-content\/uploads\/2023\/02\/MARCIAL-RODRIGUEZ-SALDANA3-375x250.jpg\" alt=\"\" width=\"375\" height=\"250\" \/>Estuvieron en el evento los subsecretarios de Planeaci\u00f3n, Benjam\u00edn Adame Pareyra; de Educaci\u00f3n B\u00e1sica, Ricardo Castillo Pe\u00f1a; de Media Superior y Superior, Marco Antonio Marb\u00e1n Galv\u00e1n; de Administraci\u00f3n y Finanzas, Alejandro Moreno Lira; el director de la Escuela, Valent\u00edn Guerrero Mu\u00f1os; la presidenta de la Asociaci\u00f3n de Padres de Familia, Olivia Garc\u00eda Rayo; la presidenta del Consejo de Participaci\u00f3n Social, Nancy Mirian Flores Guzm\u00e1n, y docentes, trabajadores, madres, padres de familia y parte de la estructura de la SEG.<\/p>\n<div style=\"width: 640px;\" class=\"wp-video\"><video class=\"wp-video-shortcode\" id=\"video-1251018-1\" width=\"640\" height=\"352\" preload=\"metadata\" controls=\"controls\"><source type=\"video\/mp4\" src=\"https:\/\/www.acapulcopress.com\/wp-content\/uploads\/2023\/02\/MARCIAL-RODRIGUEZ-SALDANA.mp4?_=1\" \/><a href=\"https:\/\/www.acapulcopress.com\/wp-content\/uploads\/2023\/02\/MARCIAL-RODRIGUEZ-SALDANA.mp4\">https:\/\/www.acapulcopress.com\/wp-content\/uploads\/2023\/02\/MARCIAL-RODRIGUEZ-SALDANA.mp4<\/a><\/video><\/div>\n<p><em>] Vis\u00edtanos en ) acapulcopress.com y &#8216;s\u00edguenos&#8217; y\/o reg\u00e1lanos un &#8216;like&#8217; en nuestra p\u00e1gina ) facebook.com\/<a href=\"https:\/\/www.facebook.com\/acapulcopress.news\" target=\"_blank\" rel=\"noopener\">acapulcopress.news<\/a><\/em><\/p>\n","protected":false},"excerpt":{"rendered":"<p>CHILPANCINGO * 20 de febrero de 2023. ) SEG El secretario de Educaci\u00f3n en Guerrero, Marcial Rodr\u00edguez Salda\u00f1a, presidi\u00f3 la ceremonia de honores a la bandera en la escuela primaria \u00abJuan \u00c1lvarez\u00bb, ubicada en la colonia Izazaga de esta ciudad capital, en donde destac\u00f3 que la gobernadora Evelyn Salgado Pineda, desde el inicio de su&#8230;<\/p>\n","protected":false},"author":2,"featured_media":1251022,"comment_status":"closed","ping_status":"closed","sticky":false,"template":"","format":"standard","meta":{"footnotes":""},"categories":[18561],"tags":[12457,16362],"class_list":["post-1251018","post","type-post","status-publish","format-standard","has-post-thumbnail","hentry","category-society-politics","tag-marcial-rodriguez-saldana","tag-seg"],"_links":{"self":[{"href":"https:\/\/www.acapulcopress.com\/index.php\/wp-json\/wp\/v2\/posts\/1251018","targetHints":{"allow":["GET"]}}],"collection":[{"href":"https:\/\/www.acapulcopress.com\/index.php\/wp-json\/wp\/v2\/posts"}],"about":[{"href":"https:\/\/www.acapulcopress.com\/index.php\/wp-json\/wp\/v2\/types\/post"}],"author":[{"embeddable":true,"href":"https:\/\/www.acapulcopress.com\/index.php\/wp-json\/wp\/v2\/users\/2"}],"replies":[{"embeddable":true,"href":"https:\/\/www.acapulcopress.com\/index.php\/wp-json\/wp\/v2\/comments?post=1251018"}],"version-history":[{"count":0,"href":"https:\/\/www.acapulcopress.com\/index.php\/wp-json\/wp\/v2\/posts\/1251018\/revisions"}],"wp:featuredmedia":[{"embeddable":true,"href":"https:\/\/www.acapulcopress.com\/index.php\/wp-json\/"}],"wp:attachment":[{"href":"https:\/\/www.acapulcopress.com\/index.php\/wp-json\/wp\/v2\/media?parent=1251018"}],"wp:term":[{"taxonomy":"category","embeddable":true,"href":"https:\/\/www.acapulcopress.com\/index.php\/wp-json\/wp\/v2\/categories?post=1251018"},{"taxonomy":"post_tag","embeddable":true,"href":"https:\/\/www.acapulcopress.com\/index.php\/wp-json\/wp\/v2\/tags?post=1251018"}],"curies":[{"name":"wp","href":"https:\/\/api.w.org\/{rel}","templated":true}]}}