{"id":1251025,"date":"2023-02-20T19:55:26","date_gmt":"2023-02-21T01:55:26","guid":{"rendered":"https:\/\/www.acapulcopress.com\/?p=1251025"},"modified":"2023-02-20T19:55:26","modified_gmt":"2023-02-21T01:55:26","slug":"respalda-felix-salgado-expulsion-de-misoginos-y-machistas-de-morena","status":"publish","type":"post","link":"https:\/\/www.acapulcopress.com\/index.php\/2023\/02\/20\/respalda-felix-salgado-expulsion-de-misoginos-y-machistas-de-morena\/","title":{"rendered":"Respalda F\u00e9lix Salgado expulsi\u00f3n de mis\u00f3ginos y machistas de Morena"},"content":{"rendered":"<p style=\"text-align: justify;\">CHILPANCINGO, Gro. * 20 de febrero de 2023.<br \/>\n<em>) Comunicado<\/em><br \/>\nEl senador guerrerense <a href=\"https:\/\/www.facebook.com\/FelixSalgadoMX\" target=\"_blank\" rel=\"noopener\">F\u00e9lix Salgado Macedonio<\/a>, se sum\u00f3 al apoyo ofrecido por amigos y otras autoridades y personalidades locales y nacionales a la presidenta de la Junta de Coordinaci\u00f3n Pol\u00edtica del Congreso del Estado, <a href=\"https:\/\/www.facebook.com\/YoloczinDominguez\" target=\"_blank\" rel=\"noopener\">Yoloczin Dom\u00ednguez Serna<\/a> y expres\u00f3 que se debe expulsar de Morena a quien ejerza violencia pol\u00edtica de g\u00e9nero.<\/p>\n<p style=\"text-align: justify;\">Durante su intercenci\u00f3n en el foro por el <em>D\u00eda Nacional de la Mujer Mexicana<\/em>, Salgado Macedonio, manifest\u00f3 que los hombres machistas y mis\u00f3ginos se tienen que ir de Morena. Al referirse a la diputada presidente de la Jucopo, se\u00f1al\u00f3 que \u201ca la compa\u00f1era Yoloczin se le debe de respetar\u201d y que \u201cquienes se atrevan a hacer violencia (contra las mujeres) no son hombres, no son compa\u00f1eros, por lo que \u201clos machistas y mis\u00f3ginos de deben de ir\u201d del partido, subray\u00f3.<\/p>\n<p style=\"text-align: justify;\">Al respecto, Yoloczin Dom\u00ednguez precis\u00f3 que la lucha para ejercer sus derechos ha sido un camino largo, lleno de obst\u00e1culos y adversidades\u00bb, no obstante, admiti\u00f3 que, a pesar de los obst\u00e1culos, \u201cha habido avances significativos\u201d en el tema.<\/p>\n<p style=\"text-align: justify;\">En contraparte, lament\u00f3 que en el interior de Morena haya hombres y mujeres que ejerzan violencia pol\u00edtica de g\u00e9nero.<\/p>\n<p style=\"text-align: justify;\">Ante los asistentes al foro realizado en honor al D\u00eda Nacional de la Mujer Mexicana, Dom\u00ednguez Serna expres\u00f3 que se debe plantear de manera conjunta expulsar de Morena a quien ejerza violencia pol\u00edtica en raz\u00f3n de g\u00e9nero.<\/p>\n<p style=\"text-align: justify;\">El respaldo hacia la presidenta de la Junta de Coordinaci\u00f3n Pol\u00edtica de la LXIII Legislatura de Guerrero se debe a la queja existente contra el tambi\u00e9n diputado de Morena, Alfredo S\u00e0nchez Esquivel, a quien m\u00e0s de 300 morenistas exigen su expulsi\u00f3n del partido por haber incurrido en violencia de g\u00e9nero contra la diputada Yoloczin Dominguez.<\/p>\n<p style=\"text-align: justify;\">El foro fue organizado por la Secretaria General del Comit\u00e9 Ejecutivo Estatal de Morena (CEE), Yesenia Salgado Xinol, en el cual participaron la titular de la Secretaria de la Mujer (Semujer), Violeta Pino Gir\u00f3n; la directora del Instituto del Deporte en Guerrero (INDEG), Alma Roc\u00edo L\u00f3pez Bello; la secretaria de la Juventud y la Ni\u00f1ez, Jessica Maldonado Morales; as\u00ed como Sara Salinas Bravo, alcaldesa de Zumpango del R\u00edo; y de la directora del peri\u00f3dico \u201cEl Guerrero\u201d, Sol Salgado Pineda.<\/p>\n<p style=\"text-align: justify;\"><em>] Vis\u00edtanos en ) acapulcopress.com y &#8216;s\u00edguenos&#8217; y\/o reg\u00e1lanos un &#8216;like&#8217; en nuestra p\u00e1gina ) facebook.com\/<a href=\"https:\/\/www.facebook.com\/acapulcopress.news\" target=\"_blank\" rel=\"noopener\">acapulcopress.news<\/a><\/em><\/p>\n","protected":false},"excerpt":{"rendered":"<p>CHILPANCINGO, Gro. * 20 de febrero de 2023. ) Comunicado El senador guerrerense F\u00e9lix Salgado Macedonio, se sum\u00f3 al apoyo ofrecido por amigos y otras autoridades y personalidades locales y nacionales a la presidenta de la Junta de Coordinaci\u00f3n Pol\u00edtica del Congreso del Estado, Yoloczin Dom\u00ednguez Serna y expres\u00f3 que se debe expulsar de Morena&#8230;<\/p>\n","protected":false},"author":2,"featured_media":1251035,"comment_status":"closed","ping_status":"closed","sticky":false,"template":"","format":"standard","meta":{"footnotes":""},"categories":[1972,18561,2009],"tags":[7249,7338,8467,9557,11345,12273,13211,17933,18239],"class_list":["post-1251025","post","type-post","status-publish","format-standard","has-post-thumbnail","hentry","category-special","category-society-politics","category-politics","tag-dia-nacional-de-la-mujer-mexicana","tag-diputada-yoloczin-dominguez-serna","tag-felix-salgado-macedonio","tag-guerrero-lxiii-legislatura","tag-junta-de-coordinacion-politica-jocopo","tag-machismo","tag-misoginia","tag-violencia-de-genero","tag-yesenia-salgado-xinol"],"_links":{"self":[{"href":"https:\/\/www.acapulcopress.com\/index.php\/wp-json\/wp\/v2\/posts\/1251025","targetHints":{"allow":["GET"]}}],"collection":[{"href":"https:\/\/www.acapulcopress.com\/index.php\/wp-json\/wp\/v2\/posts"}],"about":[{"href":"https:\/\/www.acapulcopress.com\/index.php\/wp-json\/wp\/v2\/types\/post"}],"author":[{"embeddable":true,"href":"https:\/\/www.acapulcopress.com\/index.php\/wp-json\/wp\/v2\/users\/2"}],"replies":[{"embeddable":true,"href":"https:\/\/www.acapulcopress.com\/index.php\/wp-json\/wp\/v2\/comments?post=1251025"}],"version-history":[{"count":0,"href":"https:\/\/www.acapulcopress.com\/index.php\/wp-json\/wp\/v2\/posts\/1251025\/revisions"}],"wp:featuredmedia":[{"embeddable":true,"href":"https:\/\/www.acapulcopress.com\/index.php\/wp-json\/"}],"wp:attachment":[{"href":"https:\/\/www.acapulcopress.com\/index.php\/wp-json\/wp\/v2\/media?parent=1251025"}],"wp:term":[{"taxonomy":"category","embeddable":true,"href":"https:\/\/www.acapulcopress.com\/index.php\/wp-json\/wp\/v2\/categories?post=1251025"},{"taxonomy":"post_tag","embeddable":true,"href":"https:\/\/www.acapulcopress.com\/index.php\/wp-json\/wp\/v2\/tags?post=1251025"}],"curies":[{"name":"wp","href":"https:\/\/api.w.org\/{rel}","templated":true}]}}