{"id":1251041,"date":"2023-02-20T20:37:15","date_gmt":"2023-02-21T02:37:15","guid":{"rendered":"https:\/\/www.acapulcopress.com\/?p=1251041"},"modified":"2023-02-20T20:37:15","modified_gmt":"2023-02-21T02:37:15","slug":"un-ano-despues-ucrania-esta-de-pie-kiev-aguanta-biden","status":"publish","type":"post","link":"https:\/\/www.acapulcopress.com\/index.php\/2023\/02\/20\/un-ano-despues-ucrania-esta-de-pie-kiev-aguanta-biden\/","title":{"rendered":"\u00abUn a\u00f1o despu\u00e9s, Ucrania est\u00e1 de pie; Kiev aguanta\u00bb | Biden"},"content":{"rendered":"<p style=\"text-align: justify;\">KIEV, Ucrania * 20 de febrero de 2023.<br \/>\n<em>) Euronews<\/em><br \/>\nEl presidente de Estados Unidos, Joe Biden, se encuentra en la capital de Ucrania, Kiev, en una visita sorpresa que se enmarca dentro de su gira por el este de Europa, seg\u00fan ha <img loading=\"lazy\" decoding=\"async\" class=\"alignleft size-medium wp-image-1251042\" src=\"https:\/\/www.acapulcopress.com\/wp-content\/uploads\/2023\/02\/Joe-Biden-en-Ucrania-375x250.jpeg\" alt=\"\" width=\"375\" height=\"250\" \/>informado la Casa Blanca. Es la primera visita de Biden a Ucrania desde el comienzo de la invasi\u00f3n rusa, de la que el viernes se cumple un a\u00f1o. \u00abUn a\u00f1o despu\u00e9s, Kiev aguanta. Y Ucrania est\u00e1 de pie. La democracia aguanta\u00bb, ha declarado Biden.<\/p>\n<p style=\"text-align: justify;\">Biden se ha reunido en Kiev con el presidente ucraniano, Volod\u00edmir Zelenski, despu\u00e9s de que ambos se vieran las caras por primera vez el pasado 21 de diciembre durante una hist\u00f3rica visita del gobernante ucraniano a Washington, en su primer viaje al extranjero desde que se inici\u00f3 la guerra.<\/p>\n<p style=\"text-align: justify;\">\u00abPutin pens\u00f3 que Ucrania era d\u00e9bil y que Occidente estaba dividido. Como sabe, se\u00f1or presidente, se lo dije al principio que contaba con que no nos mantuvi\u00e9ramos unidos. Contaba con la incapacidad de mantener unida a la OTAN. Contaba con que no ser\u00edamos capaces de traer a otros del lado de Ucrania. Pens\u00f3 que podr\u00eda sobrevivirnos. No creo que est\u00e9 pensando eso ahora\u00bb, ha se\u00f1alado Biden.<\/p>\n<p style=\"text-align: justify;\"><strong>500 millones de d\u00f3lares adicionales<\/strong><\/p>\n<p style=\"text-align: justify;\"><img loading=\"lazy\" decoding=\"async\" class=\"alignleft size-medium wp-image-1251044\" src=\"https:\/\/www.acapulcopress.com\/wp-content\/uploads\/2023\/02\/Joe-Biden-en-Ucrania3-375x250.jpeg\" alt=\"\" width=\"375\" height=\"250\" \/>Durante su reuni\u00f3n con Zelenski, ha anunciado 500 millones de d\u00f3lares adicionales en asistencia estadounidense, adem\u00e1s de asegurar a Ucrania el apoyo estadounidense y aliado mientras dure el conflicto.<\/p>\n<p style=\"text-align: justify;\">La visita de Biden a Kiev llega en un momento crucial de la guerra. El presidente estadounidense busca mantener unidos a los aliados en su apoyo a Ucrania, ante la previsible intensifiacci\u00f3n del conflicto, con ambos bandos prepar\u00e1ndose para las ofensivas de primavera. Zelenski est\u00e1 presionando a los aliados para que aceleren la entrega de los sistemas de armas prometidos y est\u00e1 pidiendo a Occidente que entregue aviones de combate a Ucrania, algo que Biden ha rechazado hasta la fecha.<\/p>\n<p style=\"text-align: justify;\"><strong>\u00abAcabar con la ocupaci\u00f3n rusa\u00bb<\/strong><\/p>\n<p style=\"text-align: justify;\">\u00abEsta guerra rusa criminal y no provocada contra Ucrania, toda Europa y el mundo democr\u00e1tico, debe terminar con la limpieza de toda la tierra ucraniana de la ocupaci\u00f3n rusa y con firmes garant\u00edas de seguridad a largo plazo para nuestro pa\u00eds, toda Europa y todo el mundo\u00bb, ha dicho Zelenski.<\/p>\n<p style=\"text-align: justify;\"><code><\/code><\/p>\n<blockquote class=\"twitter-tweet\">\n<p dir=\"ltr\" lang=\"en\">President Zelenskyy and all Ukrainians remind the world every day what courage is.<\/p>\n<p>They remind us that freedom is priceless.<\/p>\n<p>And worth fighting for.<\/p>\n<p>For as long as it takes. <a href=\"https:\/\/t.co\/GlBT0Sg9ZL\">pic.twitter.com\/GlBT0Sg9ZL<\/a><\/p>\n<p>\u2014 President Biden (@POTUS) <a href=\"https:\/\/twitter.com\/POTUS\/status\/1627703401940131847?ref_src=twsrc%5Etfw\">February 20, 2023<\/a><\/p><\/blockquote>\n<p style=\"text-align: justify;\"><script async src=\"https:\/\/platform.twitter.com\/widgets.js\" charset=\"utf-8\"><\/script><\/p>\n<p style=\"text-align: justify;\">Biden ha trasladado a su hom\u00f3logo ucraniano su deseo de que la guerra acabe con una \u00abpaz justa\u00bb. Zelenski, por su parte, ha aprovechado para agradecer a Washington su apoyo y para recordar que la lucha contin\u00faa<\/p>\n<p style=\"text-align: justify;\"><em>] Vis\u00edtanos en ) acapulcopress.com y &#8216;s\u00edguenos&#8217; y\/o reg\u00e1lanos un &#8216;like&#8217; en nuestra p\u00e1gina ) facebook.com\/<a href=\"https:\/\/www.facebook.com\/acapulcopress.news\" target=\"_blank\" rel=\"noopener\">acapulcopress.news<\/a><\/em><\/p>\n","protected":false},"excerpt":{"rendered":"<p>KIEV, Ucrania * 20 de febrero de 2023. ) Euronews El presidente de Estados Unidos, Joe Biden, se encuentra en la capital de Ucrania, Kiev, en una visita sorpresa que se enmarca dentro de su gira por el este de Europa, seg\u00fan ha informado la Casa Blanca. Es la primera visita de Biden a Ucrania&#8230;<\/p>\n","protected":false},"author":2,"featured_media":1251043,"comment_status":"closed","ping_status":"closed","sticky":false,"template":"","format":"standard","meta":{"footnotes":""},"categories":[1969,1972,2020],"tags":[10820,17991],"class_list":["post-1251041","post","type-post","status-publish","format-standard","has-post-thumbnail","hentry","category-trending","category-special","category-world-news","tag-joe-biden","tag-volodymyr-zelenskiy"],"_links":{"self":[{"href":"https:\/\/www.acapulcopress.com\/index.php\/wp-json\/wp\/v2\/posts\/1251041","targetHints":{"allow":["GET"]}}],"collection":[{"href":"https:\/\/www.acapulcopress.com\/index.php\/wp-json\/wp\/v2\/posts"}],"about":[{"href":"https:\/\/www.acapulcopress.com\/index.php\/wp-json\/wp\/v2\/types\/post"}],"author":[{"embeddable":true,"href":"https:\/\/www.acapulcopress.com\/index.php\/wp-json\/wp\/v2\/users\/2"}],"replies":[{"embeddable":true,"href":"https:\/\/www.acapulcopress.com\/index.php\/wp-json\/wp\/v2\/comments?post=1251041"}],"version-history":[{"count":0,"href":"https:\/\/www.acapulcopress.com\/index.php\/wp-json\/wp\/v2\/posts\/1251041\/revisions"}],"wp:featuredmedia":[{"embeddable":true,"href":"https:\/\/www.acapulcopress.com\/index.php\/wp-json\/"}],"wp:attachment":[{"href":"https:\/\/www.acapulcopress.com\/index.php\/wp-json\/wp\/v2\/media?parent=1251041"}],"wp:term":[{"taxonomy":"category","embeddable":true,"href":"https:\/\/www.acapulcopress.com\/index.php\/wp-json\/wp\/v2\/categories?post=1251041"},{"taxonomy":"post_tag","embeddable":true,"href":"https:\/\/www.acapulcopress.com\/index.php\/wp-json\/wp\/v2\/tags?post=1251041"}],"curies":[{"name":"wp","href":"https:\/\/api.w.org\/{rel}","templated":true}]}}