{"id":1251056,"date":"2023-02-20T21:14:53","date_gmt":"2023-02-21T03:14:53","guid":{"rendered":"https:\/\/www.acapulcopress.com\/?p=1251056"},"modified":"2023-02-20T21:14:53","modified_gmt":"2023-02-21T03:14:53","slug":"evelyn-salgado-pineda-firmo-convenio-con-la-agencia-espacial-mexicana","status":"publish","type":"post","link":"https:\/\/www.acapulcopress.com\/index.php\/2023\/02\/20\/evelyn-salgado-pineda-firmo-convenio-con-la-agencia-espacial-mexicana\/","title":{"rendered":"Evelyn Salgado Pineda firm\u00f3 convenio con la Agencia Espacial Mexicana"},"content":{"rendered":"<p style=\"text-align: justify;\">CHILPANCINGO * 20 de febrero de 2023.<br \/>\n<em>) Gobierno de Guerrero<\/em><br \/>\nLa gobernadora Evelyn Salgado Pineda firm\u00f3 un convenio de coordinaci\u00f3n con la Agencia <img loading=\"lazy\" decoding=\"async\" class=\"alignleft size-medium wp-image-1251050\" src=\"https:\/\/www.acapulcopress.com\/wp-content\/uploads\/2023\/02\/evelyn.ciencia3-375x262.jpg\" alt=\"\" width=\"375\" height=\"262\" \/>Espacial Mexicana, con el objetivo de impulsar la investigaci\u00f3n tecnol\u00f3gica y la formaci\u00f3n de capital humano en ciencia y tecnolog\u00eda espacial, como un gran paso para detonar el desarrollo de este campo cient\u00edfico en Guerrero.<\/p>\n<p style=\"text-align: justify;\">En el evento celebrado en Casa Guerrero, Evelyn Salgado puntualiz\u00f3 que Guerrero tiene importantes avances que se han reconocido a nivel nacional e internacional en diversos rubros, por lo que consider\u00f3 que es hist\u00f3rica la firma de colaboraci\u00f3n con la Agencia Espacial Mexicana, aperturando los espacios de la ciencia hacia las mujeres.<\/p>\n<p style=\"text-align: justify;\">La firma de este convenio permite la colaboraci\u00f3n entre la Agencia Espacial Mexicana y el Gobierno del Estado en diversas actividades relacionadas con el espacio, para promover la <img loading=\"lazy\" decoding=\"async\" class=\"alignleft size-medium wp-image-1251051\" src=\"https:\/\/www.acapulcopress.com\/wp-content\/uploads\/2023\/02\/evelyn.ciencia4-375x250.jpg\" alt=\"\" width=\"375\" height=\"250\" \/>innovaci\u00f3n y desarrollo de investigaciones, facilitando la puesta en marcha de proyectos y fortalecer de la infraestructura tecnol\u00f3gica y cient\u00edfica en el estado.<\/p>\n<p style=\"text-align: justify;\">Por su parte, el Director General de la AEM, Salvador Landeros Ayala se congratul\u00f3 por esta alianza, y reconoci\u00f3 la labor de la gobernadora Evelyn Salgado Pineda para respaldar todos los esfuerzos transformadores del Gobierno de M\u00e9xico en la entidad.<\/p>\n<p style=\"text-align: justify;\">\u201cNuestro Presidente de M\u00e9xico, Andr\u00e9s Manuel L\u00f3pez Obrador, ha reconocido la labor transformadora en la entidad de la gobernadora de Guerrero, Maestra Evelyn Salgado Pineda, y \u00e9l les ha destacado a las y los guerrerenses que tienen una gobernadora de primera\u201d, expres\u00f3 Landeros Ayala.<\/p>\n<p style=\"text-align: justify;\"><img loading=\"lazy\" decoding=\"async\" class=\"alignleft size-medium wp-image-1251049\" src=\"https:\/\/www.acapulcopress.com\/wp-content\/uploads\/2023\/02\/evelyn.ciencia2-375x250.jpg\" alt=\"\" width=\"375\" height=\"250\" \/>El titular de la Agencia Espacial Mexicana puntualiz\u00f3 que esta firma hace historia y se transforma en un gran salto para la entidad, hacia el noble objetivo de llegar a aplicar los avances de la tecnolog\u00eda a tareas sociales prioritarias en beneficio de las y los guerrerenses, dijo.<\/p>\n<p style=\"text-align: justify;\">Destac\u00f3 adem\u00e1s el anuncio de la participaci\u00f3n de Guerrero en un proyecto cient\u00edfico de cooperaci\u00f3n internacional en el marco de la adhesi\u00f3n de M\u00e9xico al programa Artemis de NASA, para la demostraci\u00f3n, desarrollo y pruebas de tecnolog\u00eda de generaci\u00f3n de ox\u00edgeno en la superficie lunar.<\/p>\n<p style=\"text-align: justify;\">En el evento tambi\u00e9n se present\u00f3 el proyecto \u00abGuerrero en el Espacio\u00bb, cont\u00f3 con la presencia virtual del primer astronauta mexicano Rodolfo Neri Vela, as\u00ed como la del <img loading=\"lazy\" decoding=\"async\" class=\"alignleft size-medium wp-image-1251048\" src=\"https:\/\/www.acapulcopress.com\/wp-content\/uploads\/2023\/02\/evelyn.ciencia-375x256.jpg\" alt=\"\" width=\"375\" height=\"256\" \/>Senador de la Rep\u00fablica F\u00e9lix Salgado Macedonio y Arlette Silva Hern\u00e1ndez, ingeniera Bioqu\u00edmica que particip\u00f3 en el International Air and Space Program 2022 de la NASA.<\/p>\n<p style=\"text-align: justify;\">Tambi\u00e9n estuvieron presentes el Rector de la UAGro, Jos\u00e9 Alfredo Romero Olea; el Presidente del Consejo de Pol\u00edticas del estado de Guerrero, Carlos \u00c1lvarez Reyes, as\u00ed como personal de la Agencia Espacial Mexicana y funcionarios del estado.<\/p>\n<p style=\"text-align: justify;\"><em>] Vis\u00edtanos en ) acapulcopress.com y &#8216;s\u00edguenos&#8217; y\/o reg\u00e1lanos un &#8216;like&#8217; en nuestra p\u00e1gina ) facebook.com\/<a href=\"https:\/\/www.facebook.com\/acapulcopress.news\" target=\"_blank\" rel=\"noopener\">acapulcopress.news<\/a><\/em><\/p>\n","protected":false},"excerpt":{"rendered":"<p>CHILPANCINGO * 20 de febrero de 2023. ) Gobierno de Guerrero La gobernadora Evelyn Salgado Pineda firm\u00f3 un convenio de coordinaci\u00f3n con la Agencia Espacial Mexicana, con el objetivo de impulsar la investigaci\u00f3n tecnol\u00f3gica y la formaci\u00f3n de capital humano en ciencia y tecnolog\u00eda espacial, como un gran paso para detonar el desarrollo de este&#8230;<\/p>\n","protected":false},"author":2,"featured_media":1251052,"comment_status":"closed","ping_status":"closed","sticky":false,"template":"","format":"standard","meta":{"footnotes":""},"categories":[2019],"tags":[3359,8245,10368,13545,15958],"class_list":["post-1251056","post","type-post","status-publish","format-standard","has-post-thumbnail","hentry","category-popular-news","tag-agencia-espacial-mexicana","tag-evelyn-salgado","tag-international-air-and-space-program","tag-nasa","tag-salvador-landeros-ayala"],"_links":{"self":[{"href":"https:\/\/www.acapulcopress.com\/index.php\/wp-json\/wp\/v2\/posts\/1251056","targetHints":{"allow":["GET"]}}],"collection":[{"href":"https:\/\/www.acapulcopress.com\/index.php\/wp-json\/wp\/v2\/posts"}],"about":[{"href":"https:\/\/www.acapulcopress.com\/index.php\/wp-json\/wp\/v2\/types\/post"}],"author":[{"embeddable":true,"href":"https:\/\/www.acapulcopress.com\/index.php\/wp-json\/wp\/v2\/users\/2"}],"replies":[{"embeddable":true,"href":"https:\/\/www.acapulcopress.com\/index.php\/wp-json\/wp\/v2\/comments?post=1251056"}],"version-history":[{"count":0,"href":"https:\/\/www.acapulcopress.com\/index.php\/wp-json\/wp\/v2\/posts\/1251056\/revisions"}],"wp:featuredmedia":[{"embeddable":true,"href":"https:\/\/www.acapulcopress.com\/index.php\/wp-json\/"}],"wp:attachment":[{"href":"https:\/\/www.acapulcopress.com\/index.php\/wp-json\/wp\/v2\/media?parent=1251056"}],"wp:term":[{"taxonomy":"category","embeddable":true,"href":"https:\/\/www.acapulcopress.com\/index.php\/wp-json\/wp\/v2\/categories?post=1251056"},{"taxonomy":"post_tag","embeddable":true,"href":"https:\/\/www.acapulcopress.com\/index.php\/wp-json\/wp\/v2\/tags?post=1251056"}],"curies":[{"name":"wp","href":"https:\/\/api.w.org\/{rel}","templated":true}]}}