{"id":1251069,"date":"2023-02-21T19:34:59","date_gmt":"2023-02-22T01:34:59","guid":{"rendered":"https:\/\/www.acapulcopress.com\/?p=1251069"},"modified":"2023-02-21T19:34:59","modified_gmt":"2023-02-22T01:34:59","slug":"reorientar-estrategia-en-saneamiento-basico-en-acapulco","status":"publish","type":"post","link":"https:\/\/www.acapulcopress.com\/index.php\/2023\/02\/21\/reorientar-estrategia-en-saneamiento-basico-en-acapulco\/","title":{"rendered":"Reorientar estrategia en Saneamiento B\u00e1sico en Acapulco"},"content":{"rendered":"<p style=\"text-align: justify;\">Marem\u00e1gnum<br \/>\n\u00bb<strong> RICARDO<\/strong> | <strong>CASTILLO BARRIENTOS<\/strong><br \/>\n<em>) Facebook: @ <a href=\"https:\/\/www.facebook.com\/ricardocastill01\" target=\"_blank\" rel=\"noopener\">Ricardo Castillo Barrientos<\/a><\/em><\/p>\n<p style=\"text-align: justify;\">Muy complejo le est\u00e1 resultando a la alcaldesa <a href=\"https:\/\/www.facebook.com\/AbelinaLopezR\" target=\"_blank\" rel=\"noopener\">Abelina L\u00f3pez Rodr\u00edguez<\/a> la soluci\u00f3n m\u00e1s adecuada al problema del acumulamiento de basura en distintos puntos de la ciudad, que dan una imagen urbana de una ciudad descuidada y de falta de atenci\u00f3n respecto a su fisonom\u00eda citadina.<\/p>\n<p style=\"text-align: justify;\">La mandataria municipal ha puesto su empe\u00f1o, m\u00e1s no es suficiente. Acaba de adquirir y puesto en servicio siete camiones recolectores con tecnolog\u00eda moderna, que se suman a las 35 unidades adquiridas al inicio de la administraci\u00f3n y 10 que ya se contaban. Anunci\u00f3 adem\u00e1s, la compra de 15 camionetas para recolecci\u00f3n y limpieza de los barrios.<\/p>\n<p style=\"text-align: justify;\">La idea de operar directamente este importante servicio p\u00fablico, puede resultar positiva; sin embargo, choca con la realidad burocr\u00e1tica. Hace d\u00e9cadas el Ayuntamiento se encargaba de la recolecci\u00f3n y limpieza de la ciudad, especialmente, la zona tur\u00edstica y principales arterias.<\/p>\n<p style=\"text-align: justify;\">La Presidenta Abelina le apost\u00f3 a eso, como en las buenas \u00e9pocas del puerto, ahora estamos en una nueva era, con un crecimiento an\u00e1rquico de poblaci\u00f3n y ciudad. De buena fe, Abelina L\u00f3pez elimin\u00f3 de tajo la concesi\u00f3n de basura a una empresa privada, a fin de ahorrarse cuantiosos recursos, pasando por alto que la burocracia municipal es altamente ineficiente con los innumerables puntos negros por doquier.<\/p>\n<p style=\"text-align: justify;\">El servicio de limpia de empresas privadas ven\u00eda operando hasta la administraci\u00f3n pasada con mayor eficiencia, lo cual no se aprecia en lo absoluto con los trabajadores de Saneamiento B\u00e1sico, que en cualquier momento y por cualquier motivo, podr\u00edan paralizar el servicio, como tambi\u00e9n lo hicieron las empresas por falta de pagos en los \u00faltimos meses de administraciones pasadas, caus\u00e1ndole enorme da\u00f1o a este destino tur\u00edstico.<\/p>\n<p style=\"text-align: justify;\">Las buenas intenciones de la Presidenta Municipal, pecan de inocencia. Tiene que reorientar su estrategia y va camino a ello con la instalaci\u00f3n de tres centros de transferencia, entre otras acciones que urgen implementar para ofrecer mejores resultados.<\/p>\n<p style=\"text-align: justify;\">Marea Baja.- \u00a1Ya viene el Carnaval! Acapulco se vestir\u00e1 de gala del 16 al 19 de marzo, con este magno evento denominado \u201cCarnaval Para\u00edso Acapulco 2023\u201d.<\/p>\n<p style=\"text-align: justify;\">En anta\u00f1o, este espect\u00e1culo era esperado con ansias por propios y extra\u00f1os, por la algarab\u00eda de las fiestas carnestolendas y por la asunci\u00f3n de la Reyna y el Rey Feo del Carnaval, oriundos de barrios y colonias locales.<\/p>\n<p style=\"text-align: justify;\">El Ayuntamiento ha presentado como Embajadora a la vedette cubana Niurka Marcos, como la nueva versi\u00f3n de Reyna del Carnaval. Son tiempos modernos, sin duda.<br \/>\nMarea Alta.- Germ\u00e1n Valdez, Tin Tan, recibi\u00f3 merecido homenaje post morten en Sinfon\u00eda del Mar, por su importante contribuci\u00f3n a la promoci\u00f3n de este puerto, a trav\u00e9s de sus decenas de pel\u00edculas. Vivi\u00f3 originalmente en la colonia Progreso, viejos vecinos lo recuerdan con afecto.<\/p>\n<p style=\"text-align: justify;\">Sus cintas cinematogr\u00e1ficas ten\u00edan como escenograf\u00eda natural las mejores vistas de la bah\u00eda, acompa\u00f1ado de las m\u00e1s destacadas actrices y actores del momento.<br \/>\nTuvo una familia de excelentes humoristas como el Loco Valdez y Don Ram\u00f3n.<br \/>\nMaremoto.- En su punto m\u00e1s \u00e1lgido la confrontaci\u00f3n de los diputados Alfredo S\u00e1nchez Esquivel y Yoloczin Dom\u00ednguez Serna, que ha escalado hasta la Comisi\u00f3n Nacional de Honestidad y Justicia (CNHJ) del Comit\u00e9 Nacional de Morena.<\/p>\n<p style=\"text-align: justify;\">Despu\u00e9s de verse obligado a dejar la Jucopo, S\u00e1nchez Esquivel en una actitud beligerante y mis\u00f3gina emprendi\u00f3 una campa\u00f1a de hostigamiento contra quien le sucedi\u00f3 en el codiciado cargo, que no quiso abandonar a motu proprio. En su paso al frente de la Jucopo, se vio falto de oficio pol\u00edtico y con una cerraz\u00f3n para amarrar acuerdos con los dem\u00e1s grupos parlamentarios y de su propio partido Morena. Pr\u00e1cticamente, el Congreso del Estado estuvo paralizado, adem\u00e1s de la demolici\u00f3n injustificada de la Biblioteca.<\/p>\n<p style=\"text-align: justify;\">La diputada Yoloctzin Dom\u00ednguez, se est\u00e1 viendo m\u00e1s diestra en su manejo pol\u00edtico y por ende, viene destrabando las iniciativas que estuvieron congelada durante el periodo del inexperto S\u00e1nchez Esquivel, que ya pretend\u00eda volar m\u00e1s alto, sin tener alas para emprender el vuelo, que podr\u00eda llevarlo a la expulsi\u00f3n de su partido, si as\u00ed lo deciden Mario Delgado y la CNHJ.<\/p>\n<p style=\"text-align: justify;\"><em>] Vis\u00edtanos en ) acapulcopress.com y &#8216;s\u00edguenos&#8217; y\/o reg\u00e1lanos un &#8216;like&#8217; en nuestra p\u00e1gina ) facebook.com\/<a href=\"https:\/\/www.facebook.com\/acapulcopress.news\" target=\"_blank\" rel=\"noopener\">acapulcopress.news<\/a><\/em><\/p>\n","protected":false},"excerpt":{"rendered":"<p>Marem\u00e1gnum \u00bb RICARDO | CASTILLO BARRIENTOS ) Facebook: @ Ricardo Castillo Barrientos Muy complejo le est\u00e1 resultando a la alcaldesa Abelina L\u00f3pez Rodr\u00edguez la soluci\u00f3n m\u00e1s adecuada al problema del acumulamiento de basura en distintos puntos de la ciudad, que dan una imagen urbana de una ciudad descuidada y de falta de atenci\u00f3n respecto a&#8230;<\/p>\n","protected":false},"author":2,"featured_media":1251070,"comment_status":"closed","ping_status":"closed","sticky":false,"template":"","format":"standard","meta":{"footnotes":""},"categories":[2071,1991],"tags":[3077,12503,15574],"class_list":["post-1251069","post","type-post","status-publish","format-standard","has-post-thumbnail","hentry","category-opinion-analisis-columnas","category-libertad-de-expresion","tag-abelina-lopez-rodriguez","tag-maremagnum","tag-ricardo-castillo-barriento"],"_links":{"self":[{"href":"https:\/\/www.acapulcopress.com\/index.php\/wp-json\/wp\/v2\/posts\/1251069","targetHints":{"allow":["GET"]}}],"collection":[{"href":"https:\/\/www.acapulcopress.com\/index.php\/wp-json\/wp\/v2\/posts"}],"about":[{"href":"https:\/\/www.acapulcopress.com\/index.php\/wp-json\/wp\/v2\/types\/post"}],"author":[{"embeddable":true,"href":"https:\/\/www.acapulcopress.com\/index.php\/wp-json\/wp\/v2\/users\/2"}],"replies":[{"embeddable":true,"href":"https:\/\/www.acapulcopress.com\/index.php\/wp-json\/wp\/v2\/comments?post=1251069"}],"version-history":[{"count":0,"href":"https:\/\/www.acapulcopress.com\/index.php\/wp-json\/wp\/v2\/posts\/1251069\/revisions"}],"wp:featuredmedia":[{"embeddable":true,"href":"https:\/\/www.acapulcopress.com\/index.php\/wp-json\/"}],"wp:attachment":[{"href":"https:\/\/www.acapulcopress.com\/index.php\/wp-json\/wp\/v2\/media?parent=1251069"}],"wp:term":[{"taxonomy":"category","embeddable":true,"href":"https:\/\/www.acapulcopress.com\/index.php\/wp-json\/wp\/v2\/categories?post=1251069"},{"taxonomy":"post_tag","embeddable":true,"href":"https:\/\/www.acapulcopress.com\/index.php\/wp-json\/wp\/v2\/tags?post=1251069"}],"curies":[{"name":"wp","href":"https:\/\/api.w.org\/{rel}","templated":true}]}}