{"id":1251073,"date":"2023-02-21T19:59:33","date_gmt":"2023-02-22T01:59:33","guid":{"rendered":"https:\/\/www.acapulcopress.com\/?p=1251073"},"modified":"2023-02-21T19:59:33","modified_gmt":"2023-02-22T01:59:33","slug":"reanuda-titular-de-la-seg-el-programa-educacion-historia-y-cultura","status":"publish","type":"post","link":"https:\/\/www.acapulcopress.com\/index.php\/2023\/02\/21\/reanuda-titular-de-la-seg-el-programa-educacion-historia-y-cultura\/","title":{"rendered":"Reanuda titular de la SEG el programa \u00abEducaci\u00f3n, Historia y Cultura\u00bb"},"content":{"rendered":"<p style=\"text-align: justify;\"><img loading=\"lazy\" decoding=\"async\" class=\"alignnone wp-image-1251077 size-large\" src=\"https:\/\/www.acapulcopress.com\/wp-content\/uploads\/2023\/02\/MARCIAL.PROGRAMA-SEG4-840x550.jpg\" alt=\"\" width=\"696\" height=\"456\" \/><\/p>\n<p style=\"text-align: justify;\">CHILPANCINGO * 21 de febrero de 2023.<br \/>\n<em>) Secretar\u00eda de Educaci\u00f3n Guerrero<br \/>\n<\/em><img loading=\"lazy\" decoding=\"async\" class=\"alignleft size-medium wp-image-1251074\" src=\"https:\/\/www.acapulcopress.com\/wp-content\/uploads\/2023\/02\/MARCIAL.PROGRAMA-SEG-375x292.jpg\" alt=\"\" width=\"375\" height=\"292\" \/>Por iniciativa de la gobernadora <a href=\"https:\/\/www.facebook.com\/EvelynSalgadoP\" target=\"_blank\" rel=\"noopener\">Evelyn Salgado Pineda<\/a>, el secretario de Educaci\u00f3n en Guerrero<a href=\"https:\/\/www.facebook.com\/MarcialRodriguezS\" target=\"_blank\" rel=\"noopener\"> Marcial Rodr\u00edguez Salda\u00f1a<\/a> reanud\u00f3 el programa \u00abEducaci\u00f3n, Historia y Cultura\u00bb qu\u00e9 consiste en que ni\u00f1os y ni\u00f1as de diversas religiones del Estado visiten los museos de Acapulco, Iguala y Chilpancingo, para que arraiguen los valores nacionales, la admiraci\u00f3n de los h\u00e9roes de la patria y el conocimiento de las grandes transformaciones de M\u00e9xico.<\/p>\n<p style=\"text-align: justify;\">Rodr\u00edguez Salda\u00f1a destac\u00f3 que \u00e9ste programa lo impulsa la gobernadora, Evelyn Salgado con el prop\u00f3sito de que estudiantes de Educaci\u00f3n B\u00e1sica mantengan presente las luchas del pueblo de M\u00e9xico.<\/p>\n<p style=\"text-align: justify;\">En \u00e9ste caso, les correspondi\u00f3 a ni\u00f1as y ni\u00f1os de la escuela primaria rural \u00abEmiliano Zapata\u00bb, de la comunidad de Santa B\u00e1rbara, perteneciente a la Sierra de Guerrero, visitar el museo regional de Chilpancingo, el de la Avispa y el Zool\u00f3gico., y luego el de la bandera y el del ferrocarril en Iguala.<\/p>\n<div style=\"width: 640px;\" class=\"wp-video\"><video class=\"wp-video-shortcode\" id=\"video-1251073-1\" width=\"640\" height=\"352\" preload=\"metadata\" controls=\"controls\"><source type=\"video\/mp4\" src=\"https:\/\/www.acapulcopress.com\/wp-content\/uploads\/2023\/02\/MARCIAL.PROGRAMA-SEG.mp4?_=1\" \/><a href=\"https:\/\/www.acapulcopress.com\/wp-content\/uploads\/2023\/02\/MARCIAL.PROGRAMA-SEG.mp4\">https:\/\/www.acapulcopress.com\/wp-content\/uploads\/2023\/02\/MARCIAL.PROGRAMA-SEG.mp4<\/a><\/video><\/div>\n<p style=\"text-align: justify;\"><em>] Vis\u00edtanos en ) acapulcopress.com y S\u00edguenos en ) facebook.com\/<a href=\"https:\/\/www.facebook.com\/acapulcopress.news\" target=\"_blank\" rel=\"noopener\">acapulcopress.news<\/a><\/em><\/p>\n","protected":false},"excerpt":{"rendered":"<p>CHILPANCINGO * 21 de febrero de 2023. ) Secretar\u00eda de Educaci\u00f3n Guerrero Por iniciativa de la gobernadora Evelyn Salgado Pineda, el secretario de Educaci\u00f3n en Guerrero Marcial Rodr\u00edguez Salda\u00f1a reanud\u00f3 el programa \u00abEducaci\u00f3n, Historia y Cultura\u00bb qu\u00e9 consiste en que ni\u00f1os y ni\u00f1as de diversas religiones del Estado visiten los museos de Acapulco, Iguala y&#8230;<\/p>\n","protected":false},"author":2,"featured_media":1251076,"comment_status":"closed","ping_status":"closed","sticky":false,"template":"","format":"standard","meta":{"footnotes":""},"categories":[1972,18561,2081],"tags":[8248,12457,16362],"class_list":["post-1251073","post","type-post","status-publish","format-standard","has-post-thumbnail","hentry","category-special","category-society-politics","category-seg","tag-evelyn-salgado-pibeda","tag-marcial-rodriguez-saldana","tag-seg"],"_links":{"self":[{"href":"https:\/\/www.acapulcopress.com\/index.php\/wp-json\/wp\/v2\/posts\/1251073","targetHints":{"allow":["GET"]}}],"collection":[{"href":"https:\/\/www.acapulcopress.com\/index.php\/wp-json\/wp\/v2\/posts"}],"about":[{"href":"https:\/\/www.acapulcopress.com\/index.php\/wp-json\/wp\/v2\/types\/post"}],"author":[{"embeddable":true,"href":"https:\/\/www.acapulcopress.com\/index.php\/wp-json\/wp\/v2\/users\/2"}],"replies":[{"embeddable":true,"href":"https:\/\/www.acapulcopress.com\/index.php\/wp-json\/wp\/v2\/comments?post=1251073"}],"version-history":[{"count":0,"href":"https:\/\/www.acapulcopress.com\/index.php\/wp-json\/wp\/v2\/posts\/1251073\/revisions"}],"wp:featuredmedia":[{"embeddable":true,"href":"https:\/\/www.acapulcopress.com\/index.php\/wp-json\/"}],"wp:attachment":[{"href":"https:\/\/www.acapulcopress.com\/index.php\/wp-json\/wp\/v2\/media?parent=1251073"}],"wp:term":[{"taxonomy":"category","embeddable":true,"href":"https:\/\/www.acapulcopress.com\/index.php\/wp-json\/wp\/v2\/categories?post=1251073"},{"taxonomy":"post_tag","embeddable":true,"href":"https:\/\/www.acapulcopress.com\/index.php\/wp-json\/wp\/v2\/tags?post=1251073"}],"curies":[{"name":"wp","href":"https:\/\/api.w.org\/{rel}","templated":true}]}}