{"id":1251080,"date":"2023-02-21T20:44:21","date_gmt":"2023-02-22T02:44:21","guid":{"rendered":"https:\/\/www.acapulcopress.com\/?p=1251080"},"modified":"2023-02-21T20:44:21","modified_gmt":"2023-02-22T02:44:21","slug":"corcholata-de-amlo-en-picada-capitalinos-desaprueban-desempeno-de-esclaudia","status":"publish","type":"post","link":"https:\/\/www.acapulcopress.com\/index.php\/2023\/02\/21\/corcholata-de-amlo-en-picada-capitalinos-desaprueban-desempeno-de-esclaudia\/","title":{"rendered":"&#8216;Corcholata&#8217; de AMLO en picada; capitalinos desaprueban desempe\u00f1o de #EsClaudia"},"content":{"rendered":"<p style=\"text-align: justify;\"><img loading=\"lazy\" decoding=\"async\" class=\"alignleft size-medium wp-image-1251082\" src=\"https:\/\/www.acapulcopress.com\/wp-content\/uploads\/2023\/02\/CLAUDIA-JEFA-375x211.jpg\" alt=\"\" width=\"375\" height=\"211\" \/><img loading=\"lazy\" decoding=\"async\" class=\"alignleft size-medium wp-image-1251083\" src=\"https:\/\/www.acapulcopress.com\/wp-content\/uploads\/2023\/02\/CLAUDIA1-375x211.jpg\" alt=\"\" width=\"375\" height=\"211\" \/><img loading=\"lazy\" decoding=\"async\" class=\"alignleft size-medium wp-image-1251084\" src=\"https:\/\/www.acapulcopress.com\/wp-content\/uploads\/2023\/02\/CLAUDIA2-375x211.jpg\" alt=\"\" width=\"375\" height=\"211\" \/><img loading=\"lazy\" decoding=\"async\" class=\"alignleft size-medium wp-image-1251085\" src=\"https:\/\/www.acapulcopress.com\/wp-content\/uploads\/2023\/02\/CLAUDIA3-375x211.jpg\" alt=\"\" width=\"375\" height=\"211\" \/>CIUDAD DE M\u00c9XICO * 21 de febrero de 2023.<br \/>\n<em>) <a href=\"https:\/\/www.elfinanciero.com.mx\/nacional\/2023\/02\/21\/desaprueba-51-de-los-capitalinos-la-labor-de-sheinbaum\/\" target=\"_blank\" rel=\"noopener\">El Financiero<\/a><br \/>\n<\/em>En febrero, el nivel de aprobacio\u0301n ciudadana a <a href=\"https:\/\/www.facebook.com\/ClaudiaSheinbaumPardo\" target=\"_blank\" rel=\"noopener\">Claudia Sheinbaum<\/a>, jefa de Gobierno de la Ciudad de M\u00e9xico, registr\u00f3 49 por ciento, dos puntos ma\u0301s que en enero pasado, mientras que el nivel de desaprobacio\u0301n es de 51 por ciento, de acuerdo con la ma\u0301s reciente encuesta de <em>El Financiero.<\/em><\/p>\n<p style=\"text-align: justify;\">Segu\u0301n el seguimiento mensual de encuestas, la aprobacio\u0301n a la jefa de Gobierno ha fluctuado durante los u\u0301ltimos siete meses dentro de una franja que va de 47 a 52 por ciento, mientras que la desaprobacio\u0301n tambie\u0301n ha estado dentro de esos para\u0301metros. Una opinio\u0301n dividida a mitades.<\/p>\n<p style=\"text-align: justify;\">Al evaluar aspectos como el manejo de la seguridad pu\u0301blica, 31 por ciento de las personas entrevistadas expreso\u0301 una opinio\u0301n positiva, frente a 55 por ciento que manifesto\u0301 una opinio\u0301n negativa en ese rubro. El balance es negativo y de 24 puntos.<\/p>\n<p style=\"text-align: justify;\">En materia de economi\u0301a, 32 por ciento califico\u0301 bien la labor del gobierno capitalino, mientras que 53 por ciento la califico\u0301 mal. En este caso el balance tambie\u0301n es negativo, de 21 puntos.<\/p>\n<p style=\"text-align: justify;\">En el rubro de transporte pu\u0301blico, la opinio\u0301n favorable registro\u0301 38 por ciento y la opinio\u0301n desfavorable 39 por ciento, apenas un punto de balance negativo, comparado con los 11 puntos porcentuales que se registraron el mes anterior, en el contexto del choque en la L\u00ednea 3 y otros incidentes ocurridos en el Sistema de Transporte Colectivo Metro, de la Ciudad de M\u00e9xico.<\/p>\n<p style=\"text-align: justify;\"><strong>\u00bfC\u00f3mo califican los \u2018chilangos\u2019 el funcionamiento del Metro?<\/strong><\/p>\n<p style=\"text-align: justify;\">Al preguntar co\u0301mo califican la manera en que el gobierno de Claudia Sheinbaum esta\u0301 tratando el asunto del funcionamiento del Metro, 31 por ciento se\u00f1alo\u0301 que bien o muy bien, frente a 54 por ciento que respondi\u00f3 mal o muy mal.<\/p>\n<p style=\"text-align: justify;\">La encuesta tambie\u0301n abordo\u0301 el tema de la presencia de la Guardia Nacional en las instalaciones del Metro: 46 por ciento lo califica bien o muy bien, frente a 34 por ciento que opina que la presencia de elementos de la Guardia en el Metro esta\u0301 mal o muy mal.<\/p>\n<p style=\"text-align: justify;\">El estudio se realizo\u0301 los di\u0301as 3 y 4 de febrero a 500 personas adultas vi\u0301a telefo\u0301nica a nu\u0301meros residenciales y celulares. El margen de error estimado de la encuesta es de +\/- 4.4 por ciento, con un nivel de confianza de 95 por ciento.<\/p>\n<p style=\"text-align: justify;\">Metodolog\u00eda: Encuesta en la Ciudad de M\u00e9xico realizada v\u00eda telef\u00f3nica a 500 adultos el 3-4 de febrero de 2023. Se hizo un muestreo probabil\u00edstico de tel\u00e9fonos residenciales y celulares en las 16 alcald\u00edas. Con un nivel de confianza de 95%, el margen de error de las estimaciones es de +\/-4.4 por ciento.<\/p>\n<p style=\"text-align: justify;\"><em>] Vis\u00edtanos en ) acapulcopress.com y S\u00edguenos en ) facebook.com\/<a href=\"https:\/\/www.facebook.com\/acapulcopress.news\" target=\"_blank\" rel=\"noopener\">acapulcopress.news<\/a><\/em><\/p>\n","protected":false},"excerpt":{"rendered":"<p>CIUDAD DE M\u00c9XICO * 21 de febrero de 2023. ) El Financiero En febrero, el nivel de aprobacio\u0301n ciudadana a Claudia Sheinbaum, jefa de Gobierno de la Ciudad de M\u00e9xico, registr\u00f3 49 por ciento, dos puntos ma\u0301s que en enero pasado, mientras que el nivel de desaprobacio\u0301n es de 51 por ciento, de acuerdo con&#8230;<\/p>\n","protected":false},"author":2,"featured_media":1251081,"comment_status":"closed","ping_status":"closed","sticky":false,"template":"","format":"standard","meta":{"footnotes":""},"categories":[1969,1972,18565],"tags":[2693,3793,5853,6629],"class_list":["post-1251080","post","type-post","status-publish","format-standard","has-post-thumbnail","hentry","category-trending","category-special","category-politicos","tag-esclaudia","tag-amlo","tag-claudia-sheinbaum-pardo","tag-corcholatas-de-amlo"],"_links":{"self":[{"href":"https:\/\/www.acapulcopress.com\/index.php\/wp-json\/wp\/v2\/posts\/1251080","targetHints":{"allow":["GET"]}}],"collection":[{"href":"https:\/\/www.acapulcopress.com\/index.php\/wp-json\/wp\/v2\/posts"}],"about":[{"href":"https:\/\/www.acapulcopress.com\/index.php\/wp-json\/wp\/v2\/types\/post"}],"author":[{"embeddable":true,"href":"https:\/\/www.acapulcopress.com\/index.php\/wp-json\/wp\/v2\/users\/2"}],"replies":[{"embeddable":true,"href":"https:\/\/www.acapulcopress.com\/index.php\/wp-json\/wp\/v2\/comments?post=1251080"}],"version-history":[{"count":0,"href":"https:\/\/www.acapulcopress.com\/index.php\/wp-json\/wp\/v2\/posts\/1251080\/revisions"}],"wp:featuredmedia":[{"embeddable":true,"href":"https:\/\/www.acapulcopress.com\/index.php\/wp-json\/"}],"wp:attachment":[{"href":"https:\/\/www.acapulcopress.com\/index.php\/wp-json\/wp\/v2\/media?parent=1251080"}],"wp:term":[{"taxonomy":"category","embeddable":true,"href":"https:\/\/www.acapulcopress.com\/index.php\/wp-json\/wp\/v2\/categories?post=1251080"},{"taxonomy":"post_tag","embeddable":true,"href":"https:\/\/www.acapulcopress.com\/index.php\/wp-json\/wp\/v2\/tags?post=1251080"}],"curies":[{"name":"wp","href":"https:\/\/api.w.org\/{rel}","templated":true}]}}