{"id":1251097,"date":"2023-02-21T23:15:12","date_gmt":"2023-02-22T05:15:12","guid":{"rendered":"https:\/\/www.acapulcopress.com\/?p=1251097"},"modified":"2023-02-21T23:15:12","modified_gmt":"2023-02-22T05:15:12","slug":"garcia-luna-culpable-de-trafico-de-drogas","status":"publish","type":"post","link":"https:\/\/www.acapulcopress.com\/index.php\/2023\/02\/21\/garcia-luna-culpable-de-trafico-de-drogas\/","title":{"rendered":"Garc\u00eda Luna, culpable de tr\u00e1fico de drogas"},"content":{"rendered":"<p style=\"text-align: justify;\"><strong>* Le ser\u00e1 dictada sentencia el pr\u00f3ximo 27 de junio, a las 11 de la ma\u00f1ana, informa el juez Brian Cogan<\/strong><\/p>\n<p style=\"text-align: justify;\">NUEVA YORK * 21 de febrero de 2023.<br \/>\n<em>) <a href=\"https:\/\/efe.com\/mundo\/2023-02-21\/garcia-luna-es-declarado-culpable-de-narcotrafico-en-un-tribunal-de-nueva-york\/\" target=\"_blank\" rel=\"noopener\">Efe<\/a> \/ <a href=\"https:\/\/aristeguinoticias.com\/2102\/mexico\/tribunal-libero-cuentas-congeladas-de-esposa-de-garcia-luna-uif\/\" target=\"_blank\" rel=\"noopener\">Aristegui Noticias<\/a><br \/>\n<\/em>El Tribunal Federal del Distrito Este de Nueva York declar\u00f3 culpable de tr\u00e1fico de drogas, este martes, al exsecretario de Seguridad P\u00fablica mexicano Genaro Garc\u00eda Luna.<\/p>\n<p style=\"text-align: justify;\">Tras la deliberaci\u00f3n, los doce miembros del jurado lo han considerado culpable de cinco cargos por unanimidad.<\/p>\n<p style=\"text-align: justify;\">A Garc\u00eda Luna, de 54 a\u00f1os, lo declararon culpable de participar en la direcci\u00f3n de una empresa criminal cuya actividad contin\u00faa hasta la actualidad; conspiraci\u00f3n para la distribuci\u00f3n de 5 kilogramos o m\u00e1s de coca\u00edna; conspiraci\u00f3n para la distribuci\u00f3n y posesi\u00f3n de 5 kilogramos o m\u00e1s de coca\u00edna con la intenci\u00f3n de distribuirla en Estados Unidos, y conspiraci\u00f3n para la importaci\u00f3n de la misma cantidad o m\u00e1s.<\/p>\n<p style=\"text-align: justify;\">El quinto delito era el de prestar falso testimonio a las autoridades estadounidenses cuando solicit\u00f3 la nacionalidad.<\/p>\n<p style=\"text-align: justify;\">El juez Brian Cogan ha anunciado que dictar\u00e1 sentencia el pr\u00f3ximo 27 de junio a las 11 de la ma\u00f1ana.<\/p>\n<p style=\"text-align: justify;\">Garc\u00eda Luna trabaj\u00f3 en el cuerpo de inteligencia durante una d\u00e9cada, encabez\u00f3 la Agencia Federal de Investigaci\u00f3n (AFI), cuyo objetivo principal era luchar contra organizaciones criminales, durante el Gobierno de Vicente Fox (2000-2006), y fue secretario de Seguridad P\u00fablica durante el sexenio de Felipe Calder\u00f3n (2006-2012).<\/p>\n<p style=\"text-align: justify;\">Desde 2012 vive en Florida, desde donde, seg\u00fan mostr\u00f3 la Fiscal\u00eda durante el juicio, viaja habitualmente a M\u00e9xico.<\/p>\n<p style=\"text-align: justify;\">El exfuncionario, detenido en diciembre de 2019 en Dallas (Texas, EE.UU.), estuvo en prisi\u00f3n hasta el arranque del juicio el pasado 17 de enero, cuando comenz\u00f3 la selecci\u00f3n del jurado.<\/p>\n<p style=\"text-align: justify;\"><strong>LIBERAN CUENTAS CONGELADAS DE ESPOSA DE GARC\u00cdA<\/strong><\/p>\n<p style=\"text-align: justify;\">La Unidad de Inteligencia Financiera inform\u00f3 que la esposa de Genaro Garc\u00eda Luna obtuvo una sentencia que la libera de la lista de personas con cuentas bloqueadas.<\/p>\n<p style=\"text-align: justify;\">La UIF public\u00f3 una ficha informativa despu\u00e9s que se dio a conocer que el jurado encontr\u00f3 culpable de cinco cargos al exsecretario de Seguridad P\u00fablica.<\/p>\n<p style=\"text-align: justify;\">Seg\u00fan el gobierno mexicano, un tribunal colegiado de Ciudad de M\u00e9xico revoc\u00f3 la sentencia con la que se hab\u00eda negado Linda Cristina Pereyra G\u00e1lvez el amparo por su inclusi\u00f3n en la Lista de Personas Bloqueadas del 9 de diciembre de 2019.<\/p>\n<p style=\"text-align: justify;\">La UIF inform\u00f3 el nombre de los magistrados que tomaron esta decisi\u00f3n: el presidente Rolando Gonz\u00e1lez Licona, el magistrado Eduardo Baltazar Robles y la magistrada Amanda Roberta Garc\u00eda Gonz\u00e1lez y su fallo fue por unanimidad.<\/p>\n<p style=\"text-align: justify;\">La UIF report\u00f3 los procesos que hay contra la ciudadana:<\/p>\n<p style=\"text-align: justify;\">Linda Cristina Pereyra G\u00e1lvez est\u00e1 denunciada ante la Fiscal\u00eda General de la Rep\u00fablica por delito de operaciones con recursos de procedencia il\u00edcita.<\/p>\n<p style=\"text-align: justify;\">La Unidad de Inteligencia Financiera (UIF) hab\u00eda incluido a Pereyra G\u00e1lvez en la Lista de Personas Bloqueadas como medida cautelar a efecto de que no pudiera realizar movimientos financieros mientras se resuelve el procedimiento penal, ya que form\u00f3 parte integrante de la trama de lavado de dinero encabezada por Genaro Garc\u00eda Luna.<\/p>\n<p style=\"text-align: justify;\">Adem\u00e1s, Pereyra G\u00e1lvez est\u00e1 demandada ante una corte civil del estado de Florida, Estados Unidos, con el fin de que M\u00e9xico rescate 745.8 millones de d\u00f3lares sustra\u00eddos il\u00edcitamente del erario nacional mexicano y trasladados a Miami.<\/p>\n<p style=\"text-align: justify;\"><em>] Vis\u00edtanos en ) acapulcopress.com y S\u00edguenos en ) facebook.com\/<a href=\"https:\/\/www.facebook.com\/acapulcopress.news\" target=\"_blank\" rel=\"noopener\">acapulcopress.news<\/a><\/em><\/p>\n","protected":false},"excerpt":{"rendered":"<p>* Le ser\u00e1 dictada sentencia el pr\u00f3ximo 27 de junio, a las 11 de la ma\u00f1ana, informa el juez Brian Cogan NUEVA YORK * 21 de febrero de 2023. ) Efe \/ Aristegui Noticias El Tribunal Federal del Distrito Este de Nueva York declar\u00f3 culpable de tr\u00e1fico de drogas, este martes, al exsecretario de Seguridad&#8230;<\/p>\n","protected":false},"author":2,"featured_media":1251099,"comment_status":"closed","ping_status":"closed","sticky":false,"template":"","format":"standard","meta":{"footnotes":""},"categories":[1969,1972,2020],"tags":[3365,4862,8444,9131,11985,16278,17341,17540,17824],"class_list":["post-1251097","post","type-post","status-publish","format-standard","has-post-thumbnail","hentry","category-trending","category-special","category-world-news","tag-agencia-federal-de-investigacion-afi","tag-brian-cogan","tag-felipe-calderon-hinojosa","tag-genaro-garcia-luna","tag-linda-cristina-pereyra-galvez","tag-secretaria-de-seguridad-publica-mexico-ssp","tag-trafico-de-drogas","tag-unidad-de-inteligencia-financiera-uif","tag-vicente-fox-quesada"],"_links":{"self":[{"href":"https:\/\/www.acapulcopress.com\/index.php\/wp-json\/wp\/v2\/posts\/1251097","targetHints":{"allow":["GET"]}}],"collection":[{"href":"https:\/\/www.acapulcopress.com\/index.php\/wp-json\/wp\/v2\/posts"}],"about":[{"href":"https:\/\/www.acapulcopress.com\/index.php\/wp-json\/wp\/v2\/types\/post"}],"author":[{"embeddable":true,"href":"https:\/\/www.acapulcopress.com\/index.php\/wp-json\/wp\/v2\/users\/2"}],"replies":[{"embeddable":true,"href":"https:\/\/www.acapulcopress.com\/index.php\/wp-json\/wp\/v2\/comments?post=1251097"}],"version-history":[{"count":0,"href":"https:\/\/www.acapulcopress.com\/index.php\/wp-json\/wp\/v2\/posts\/1251097\/revisions"}],"wp:featuredmedia":[{"embeddable":true,"href":"https:\/\/www.acapulcopress.com\/index.php\/wp-json\/"}],"wp:attachment":[{"href":"https:\/\/www.acapulcopress.com\/index.php\/wp-json\/wp\/v2\/media?parent=1251097"}],"wp:term":[{"taxonomy":"category","embeddable":true,"href":"https:\/\/www.acapulcopress.com\/index.php\/wp-json\/wp\/v2\/categories?post=1251097"},{"taxonomy":"post_tag","embeddable":true,"href":"https:\/\/www.acapulcopress.com\/index.php\/wp-json\/wp\/v2\/tags?post=1251097"}],"curies":[{"name":"wp","href":"https:\/\/api.w.org\/{rel}","templated":true}]}}