{"id":1251102,"date":"2023-02-22T18:35:57","date_gmt":"2023-02-23T00:35:57","guid":{"rendered":"https:\/\/www.acapulcopress.com\/?p=1251102"},"modified":"2023-02-22T18:35:57","modified_gmt":"2023-02-23T00:35:57","slug":"gobernadora-y-titular-de-sep-entregaron-quipo-de-computo-y-vehiculos-al-ieejag-inea","status":"publish","type":"post","link":"https:\/\/www.acapulcopress.com\/index.php\/2023\/02\/22\/gobernadora-y-titular-de-sep-entregaron-quipo-de-computo-y-vehiculos-al-ieejag-inea\/","title":{"rendered":"Gobernadora y titular de SEP entregaron quipo de c\u00f3mputo y veh\u00edculos al IEEJAG (INEA)"},"content":{"rendered":"<p style=\"text-align: justify;\">CHILPANCINGO * 22 de febrero de 2023.<br \/>\n) Gobierno de Guerrero<br \/>\nCon el objetivo de fortalecer las acciones para reducir el rezago educativo en Guerrero, la <img loading=\"lazy\" decoding=\"async\" class=\"alignleft size-medium wp-image-1251113\" src=\"https:\/\/www.acapulcopress.com\/wp-content\/uploads\/2023\/02\/EVELYN.INEA11-375x563.jpg\" alt=\"\" width=\"375\" height=\"563\" \/>gobernadora <a href=\"https:\/\/www.facebook.com\/EvelynSalgadoP\" target=\"_blank\" rel=\"noopener\">Evelyn Salgado Pineda<\/a> y la Secretaria de Educaci\u00f3n P\u00fablica (SEP) <a href=\"https:\/\/www.facebook.com\/LeticiaRamaya\" target=\"_blank\" rel=\"noopener\">Leticia Ram\u00edrez Amaya<\/a>, entregaron computadoras y veh\u00edculos al Instituto Estatal para la Educaci\u00f3n de J\u00f3venes y Adultos de Guerrero (IEEJAG) con una inversi\u00f3n de 7.7 millones de pesos, que permitir\u00e1 intensificar la operaci\u00f3n territorial de alfabetizaci\u00f3n en la entidad.<\/p>\n<p style=\"text-align: justify;\">\u00abSeguimos avanzando paso a paso en esta gran revoluci\u00f3n educativa, sabemos que tenemos en el presidente Andr\u00e9s Manuel L\u00f3pez Obrador grandes aliados preocupados y ocupados por transformar Guerrero, desde las aulas y fuera de ellas, la educaci\u00f3n que siempre va a ser la mejor inversi\u00f3n y el mejor camino para la paz, el bienestar y para el desarrollo de Guerrero\u00bb, afirm\u00f3 Evelyn Salgado.<\/p>\n<p style=\"text-align: justify;\">Durante este evento, donde tambi\u00e9n se entregaron 200 certificados a j\u00f3venes y adultos que lograron concluir satisfactoriamente sus estudios de primaria y secundaria, la gobernadora Evelyn Salgado, dijo que la meta para este 2023 es alfabetizar a m\u00e1s de nueve mil personas y la conclusi\u00f3n de primaria y secundaria de 41 mil 800 personas, beneficiando a un total de 50 mil 800 guerrerenses.<\/p>\n<p style=\"text-align: justify;\"><img loading=\"lazy\" decoding=\"async\" class=\"alignleft size-medium wp-image-1251112\" src=\"https:\/\/www.acapulcopress.com\/wp-content\/uploads\/2023\/02\/EVELYN.INEA10-375x250.jpg\" alt=\"\" width=\"375\" height=\"250\" \/>En este contexto y como una de las prioridades de la Revoluci\u00f3n Educativa en Guerrero, la mandataria estatal destac\u00f3 que, a trav\u00e9s de las campa\u00f1as de alfabetizaci\u00f3n, durante el primer a\u00f1o de gobierno, se atendieron a m\u00e1s de 35 mil personas, de las cuales casi 15 mil alumnos lograron concluir un nivel educativo, disminuyendo 1.3 por ciento el analfabetismo en el estado, respecto a las cifras del censo 2020.<\/p>\n<p style=\"text-align: justify;\">Con la entrega de 20 camionetas y 30 equipos de c\u00f3mputo al IEEJAG para fortalecer el trabajo de alfabetizaci\u00f3n en territorio, la mandataria estatal refrend\u00f3 su compromiso absoluto con la educaci\u00f3n, cerrando la brecha de desigualdad en el estado, siendo la educaci\u00f3n el mejor camino para la pacificaci\u00f3n del estado.<\/p>\n<p style=\"text-align: justify;\">Adem\u00e1s, la gobernadora puntualiz\u00f3 que este a\u00f1o se fortalecer\u00e1 la atenci\u00f3n en los 21 <img loading=\"lazy\" decoding=\"async\" class=\"alignleft size-medium wp-image-1251110\" src=\"https:\/\/www.acapulcopress.com\/wp-content\/uploads\/2023\/02\/EVELYN.INEA8_-375x573.jpg\" alt=\"\" width=\"375\" height=\"573\" \/>municipios con muy alto rezago social para cumplir una deuda hist\u00f3rica en materia educativa y combatir el analfabetismo en el estado a trav\u00e9s del Instituto Estatal para la Educaci\u00f3n de J\u00f3venes y Adultos del Estado (IEEJAG) en coordinaci\u00f3n con el Instituto Nacional para la Educaci\u00f3n de los Adultos (INEA).<\/p>\n<p style=\"text-align: justify;\">Por su parte, la titular de la SEP, Leticia Ram\u00edrez Amaya, en su gira de trabajo por Guerrero, destac\u00f3 que para la Cuarta Transformaci\u00f3n lo m\u00e1s importante es escuchar y estar cerca de la gente desde el territorio, como dos pilares de la construcci\u00f3n de la nueva escuela mexicana, adem\u00e1s de hacer un reconocimiento a los servidores p\u00fablicos que colaboran en el trabajo educativo en Guerrero.<\/p>\n<p style=\"text-align: justify;\">Ram\u00edrez Amaya, destac\u00f3 que con la entrega de computadoras y veh\u00edculos al IEEJAG, la gobernadora Evelyn Salgado dota herramientas para fortalecer el trabajo territorial en Guerrero donde son m\u00e1s de un mill\u00f3n de personas que viven sin leer ni escribir y que resultado del trabajo de la actual administraci\u00f3n se ha logrado reducir 1.3 por ciento este indicador de analfabetismo.<\/p>\n<p style=\"text-align: justify;\">Al evento asistieron el secretario de Educaci\u00f3n Guerrero, <a href=\"https:\/\/www.facebook.com\/MarcialRodriguezS\" target=\"_blank\" rel=\"noopener\">Marcial Rodr\u00edguez Salda\u00f1a<\/a>, la <img loading=\"lazy\" decoding=\"async\" class=\"alignleft size-medium wp-image-1251107\" src=\"https:\/\/www.acapulcopress.com\/wp-content\/uploads\/2023\/02\/EVELYN.INEA5_-375x563.jpg\" alt=\"\" width=\"375\" height=\"563\" \/>Directora General del IEEJAG,<a href=\"https:\/\/www.facebook.com\/haydee.maresgalindo\" target=\"_blank\" rel=\"noopener\"> Haydee Mares Galindo<\/a>, as\u00ed como estudiantes del Colegio de Bachilleres y del CBTA 224 de Petaquillas que prestan su servicio social para apoyar y servir en la alfabetizaci\u00f3n de m\u00e1s j\u00f3venes y adultos mayores\u00a0en\u00a0la\u00a0entidad.<\/p>\n<p style=\"text-align: justify;\"><em>] Vis\u00edtanos en ) acapulcopress.com y S\u00edguenos en ) facebook.com\/<a href=\"https:\/\/www.facebook.com\/acapulcopress.news\" target=\"_blank\" rel=\"noopener\">acapulcopress.news<\/a><\/em><\/p>\n","protected":false},"excerpt":{"rendered":"<p>CHILPANCINGO * 22 de febrero de 2023. ) Gobierno de Guerrero Con el objetivo de fortalecer las acciones para reducir el rezago educativo en Guerrero, la gobernadora Evelyn Salgado Pineda y la Secretaria de Educaci\u00f3n P\u00fablica (SEP) Leticia Ram\u00edrez Amaya, entregaron computadoras y veh\u00edculos al Instituto Estatal para la Educaci\u00f3n de J\u00f3venes y Adultos de&#8230;<\/p>\n","protected":false},"author":2,"featured_media":1251114,"comment_status":"closed","ping_status":"closed","sticky":false,"template":"","format":"standard","meta":{"footnotes":""},"categories":[1972,1983,18561],"tags":[9687,10276,16172],"class_list":["post-1251102","post","type-post","status-publish","format-standard","has-post-thumbnail","hentry","category-special","category-guerrerogob","category-society-politics","tag-haydee-mares-galindo","tag-instituto-estatal-para-la-educacion-de-jovenes-y-adultos-de-guerrero-ieejag","tag-secretaria-de-educacion-publica-sep-leticia-ramirez-amaya"],"_links":{"self":[{"href":"https:\/\/www.acapulcopress.com\/index.php\/wp-json\/wp\/v2\/posts\/1251102","targetHints":{"allow":["GET"]}}],"collection":[{"href":"https:\/\/www.acapulcopress.com\/index.php\/wp-json\/wp\/v2\/posts"}],"about":[{"href":"https:\/\/www.acapulcopress.com\/index.php\/wp-json\/wp\/v2\/types\/post"}],"author":[{"embeddable":true,"href":"https:\/\/www.acapulcopress.com\/index.php\/wp-json\/wp\/v2\/users\/2"}],"replies":[{"embeddable":true,"href":"https:\/\/www.acapulcopress.com\/index.php\/wp-json\/wp\/v2\/comments?post=1251102"}],"version-history":[{"count":0,"href":"https:\/\/www.acapulcopress.com\/index.php\/wp-json\/wp\/v2\/posts\/1251102\/revisions"}],"wp:featuredmedia":[{"embeddable":true,"href":"https:\/\/www.acapulcopress.com\/index.php\/wp-json\/"}],"wp:attachment":[{"href":"https:\/\/www.acapulcopress.com\/index.php\/wp-json\/wp\/v2\/media?parent=1251102"}],"wp:term":[{"taxonomy":"category","embeddable":true,"href":"https:\/\/www.acapulcopress.com\/index.php\/wp-json\/wp\/v2\/categories?post=1251102"},{"taxonomy":"post_tag","embeddable":true,"href":"https:\/\/www.acapulcopress.com\/index.php\/wp-json\/wp\/v2\/tags?post=1251102"}],"curies":[{"name":"wp","href":"https:\/\/api.w.org\/{rel}","templated":true}]}}