{"id":1251117,"date":"2023-02-22T19:18:53","date_gmt":"2023-02-23T01:18:53","guid":{"rendered":"https:\/\/www.acapulcopress.com\/?p=1251117"},"modified":"2023-02-22T19:18:53","modified_gmt":"2023-02-23T01:18:53","slug":"capacito-dif-nacional-a-700-trabajadores-de-centros-de-atencion-infantil-de-guerrero","status":"publish","type":"post","link":"https:\/\/www.acapulcopress.com\/index.php\/2023\/02\/22\/capacito-dif-nacional-a-700-trabajadores-de-centros-de-atencion-infantil-de-guerrero\/","title":{"rendered":"Capacit\u00f3 DIF nacional a 700 trabajadores de Centros de Atenci\u00f3n Infantil de Guerrero"},"content":{"rendered":"<p style=\"text-align: justify;\">CHILPANCINGO * 22 de febrero de 2023.<br \/>\n<em>) DIF Guerrero<\/em><br \/>\nCon el objetivo de mejorar la atenci\u00f3n en el servicio educativo a las ni\u00f1as y ni\u00f1os del nivel <img loading=\"lazy\" decoding=\"async\" class=\"alignleft size-medium wp-image-1251124\" src=\"https:\/\/www.acapulcopress.com\/wp-content\/uploads\/2023\/02\/CAI.DIF7_-375x250.jpg\" alt=\"\" width=\"375\" height=\"250\" \/>educativo maternal y preescolar, se impartieron capacitaciones al personal de los Centros de Atenci\u00f3n Infantil (CAI) p\u00fablicos, privados y mixtos del estado por parte del Sistema DIF Nacional, donde participaron m\u00e1s de 700 trabajadores entre personal administrativos, docentes y personal de apoyo.<\/p>\n<p style=\"text-align: justify;\">La presidenta honoraria del Sistema DIF Guerrero, <a href=\"https:\/\/www.facebook.com\/LizSalgadoP\" target=\"_blank\" rel=\"noopener\">Liz Salgado Pineda<\/a>, entreg\u00f3 constancias y reconocimientos de trabajo al personal de los Centros de Atenci\u00f3n Infantil (CAI), quien dijo que estas acciones se realizan para reforzar los conocimientos del personal tanto en preparaci\u00f3n de alimentos; prestaci\u00f3n de servicios para la atenci\u00f3n, cuidado y desarrollo integral de las ni\u00f1as y los ni\u00f1os; limpieza general de muebles e inmuebles y orientaci\u00f3n para la integraci\u00f3n familiar a nivel <img loading=\"lazy\" decoding=\"async\" class=\"alignleft size-medium wp-image-1251120\" src=\"https:\/\/www.acapulcopress.com\/wp-content\/uploads\/2023\/02\/CAI.DIF3_-375x345.jpg\" alt=\"\" width=\"375\" height=\"345\" \/>preventivo.<\/p>\n<p style=\"text-align: justify;\">Liz Salgado, afirm\u00f3 que los CAI se han sumado a la revoluci\u00f3n educativa impulsada por la gobernadora Evelyn Salgado Pineda, lo que ha permitido que los Centros de Atenci\u00f3n Infantil de todo el estado sean un referente educativo al ser una instituci\u00f3n que ofrece atenci\u00f3n integral, humana y de apoyo a las familias.<\/p>\n<p style=\"text-align: justify;\">Salgado Pineda, asegur\u00f3 que los CAI seguir\u00e1n ofreciendo asistencia social universal en todos los municipios del estado para las ni\u00f1as y ni\u00f1os, a quienes refrend\u00f3 seguir trabajando con el coraz\u00f3n, indicando que \u201clas y los ni\u00f1os son el motor y prop\u00f3sito de la transformaci\u00f3n\u201d.<\/p>\n<p><img loading=\"lazy\" decoding=\"async\" class=\"alignnone wp-image-1251122 size-large\" src=\"https:\/\/www.acapulcopress.com\/wp-content\/uploads\/2023\/02\/CAI.DIF5_-840x560.jpg\" alt=\"\" width=\"696\" height=\"464\" \/><\/p>\n<p style=\"text-align: justify;\"><em>] Vis\u00edtanos en ) acapulcopress.com y S\u00edguenos en ) facebook.com\/<a href=\"https:\/\/www.facebook.com\/acapulcopress.news\" target=\"_blank\" rel=\"noopener\">acapulcopress.news<\/a><\/em><\/p>\n","protected":false},"excerpt":{"rendered":"<p>CHILPANCINGO * 22 de febrero de 2023. ) DIF Guerrero Con el objetivo de mejorar la atenci\u00f3n en el servicio educativo a las ni\u00f1as y ni\u00f1os del nivel educativo maternal y preescolar, se impartieron capacitaciones al personal de los Centros de Atenci\u00f3n Infantil (CAI) p\u00fablicos, privados y mixtos del estado por parte del Sistema DIF&#8230;<\/p>\n","protected":false},"author":2,"featured_media":1251121,"comment_status":"closed","ping_status":"closed","sticky":false,"template":"","format":"standard","meta":{"footnotes":""},"categories":[1983,18561],"tags":[5591,7313,12012],"class_list":["post-1251117","post","type-post","status-publish","format-standard","has-post-thumbnail","hentry","category-guerrerogob","category-society-politics","tag-centros-de-atencion-infantil-cai","tag-dif-guerrero","tag-liz-salgado-pineda"],"_links":{"self":[{"href":"https:\/\/www.acapulcopress.com\/index.php\/wp-json\/wp\/v2\/posts\/1251117","targetHints":{"allow":["GET"]}}],"collection":[{"href":"https:\/\/www.acapulcopress.com\/index.php\/wp-json\/wp\/v2\/posts"}],"about":[{"href":"https:\/\/www.acapulcopress.com\/index.php\/wp-json\/wp\/v2\/types\/post"}],"author":[{"embeddable":true,"href":"https:\/\/www.acapulcopress.com\/index.php\/wp-json\/wp\/v2\/users\/2"}],"replies":[{"embeddable":true,"href":"https:\/\/www.acapulcopress.com\/index.php\/wp-json\/wp\/v2\/comments?post=1251117"}],"version-history":[{"count":0,"href":"https:\/\/www.acapulcopress.com\/index.php\/wp-json\/wp\/v2\/posts\/1251117\/revisions"}],"wp:featuredmedia":[{"embeddable":true,"href":"https:\/\/www.acapulcopress.com\/index.php\/wp-json\/"}],"wp:attachment":[{"href":"https:\/\/www.acapulcopress.com\/index.php\/wp-json\/wp\/v2\/media?parent=1251117"}],"wp:term":[{"taxonomy":"category","embeddable":true,"href":"https:\/\/www.acapulcopress.com\/index.php\/wp-json\/wp\/v2\/categories?post=1251117"},{"taxonomy":"post_tag","embeddable":true,"href":"https:\/\/www.acapulcopress.com\/index.php\/wp-json\/wp\/v2\/tags?post=1251117"}],"curies":[{"name":"wp","href":"https:\/\/api.w.org\/{rel}","templated":true}]}}