{"id":1251127,"date":"2023-02-22T19:51:46","date_gmt":"2023-02-23T01:51:46","guid":{"rendered":"https:\/\/www.acapulcopress.com\/?p=1251127"},"modified":"2023-02-22T19:51:46","modified_gmt":"2023-02-23T01:51:46","slug":"evelyn-salgado-y-titular-de-sep-realizan-gira-educativa-por-taxco","status":"publish","type":"post","link":"https:\/\/www.acapulcopress.com\/index.php\/2023\/02\/22\/evelyn-salgado-y-titular-de-sep-realizan-gira-educativa-por-taxco\/","title":{"rendered":"Evelyn Salgado y titular de SEP realizan gira  educativa por Taxco"},"content":{"rendered":"<p style=\"text-align: justify;\">CHILPANCINGO * 22 de febrero de 2023.<br \/>\n) Gobierno de Guerrero<br \/>\n<img loading=\"lazy\" decoding=\"async\" class=\"alignleft size-medium wp-image-1251138\" src=\"https:\/\/www.acapulcopress.com\/wp-content\/uploads\/2023\/02\/ESP.GIRATAXCO11-375x220.jpg\" alt=\"\" width=\"375\" height=\"220\" \/>La gobernadora <a href=\"https:\/\/www.facebook.com\/EvelynSalgadoP\" target=\"_blank\" rel=\"noopener\">Evelyn Salgado Pineda<\/a> recibi\u00f3 en Taxco a la Secretaria de Educaci\u00f3n P\u00fablica (SEP), <a href=\"https:\/\/www.facebook.com\/LeticiaRamaya\" target=\"_blank\" rel=\"noopener\">Leticia Ram\u00edrez Amaya<\/a>, para evaluar desde las aulas la implementaci\u00f3n de la transformaci\u00f3n educativa en Guerrero y hacer entrega de equipo de c\u00f3mputo, mobiliario, material did\u00e1ctico y uniformes gratuitos que beneficia a m\u00e1s de 600 mil estudiantes en todo el estado y en donde se destina una inversi\u00f3n superior a los 160 millones de pesos.<\/p>\n<p style=\"text-align: justify;\">En esta gira de trabajo por la regi\u00f3n Norte, \u00a0Evelyn Salgado destac\u00f3 el esfuerzo hist\u00f3rico de la revoluci\u00f3n educativa que se realiza en Guerrero con programas que impulsan el <img loading=\"lazy\" decoding=\"async\" class=\"alignleft size-medium wp-image-1251136\" src=\"https:\/\/www.acapulcopress.com\/wp-content\/uploads\/2023\/02\/ESP.GIRATAXCO9-375x265.jpg\" alt=\"\" width=\"375\" height=\"265\" \/>mejoramiento de la infraestructura y el acceso a la educaci\u00f3n en todos los niveles para que ninguna ni\u00f1a o ni\u00f1o se quede sin estudiar.<\/p>\n<p style=\"text-align: justify;\">\u00abCon esto refrendamos el compromiso absoluto que tenemos con los ni\u00f1os y las ni\u00f1as de Guerrero, con su educaci\u00f3n que es clave para el desarrollo humano, no vamos a descansar hasta garantizar este derecho en todas las regiones del estado, para que todos tengan los mismos derechos y las mismas oportunidades\u00bb, afirm\u00f3 Evelyn Salgado.<\/p>\n<p style=\"text-align: justify;\">La mandataria estatal y la Secretaria de Educaci\u00f3n P\u00fablica, Leticia Ram\u00edrez, visitaron algunos centros educativos de Taxco como la Escuela Primaria \u00abAmado Nervo\u00bb y el Jard\u00edn de Ni\u00f1os \u00abRosaura Zapata\u00bb, para conocer las necesidades de las escuelas y hacer entrega <img loading=\"lazy\" decoding=\"async\" class=\"alignleft size-medium wp-image-1251135\" src=\"https:\/\/www.acapulcopress.com\/wp-content\/uploads\/2023\/02\/ESP.GIRATAXCO8-375x250.jpg\" alt=\"\" width=\"375\" height=\"250\" \/>de uniformes, equipos de c\u00f3mputo, mobiliario, as\u00ed como material did\u00e1ctico, operativo y deportivo como parte de la nueva escuela mexicana.<\/p>\n<p style=\"text-align: justify;\">\u00abEn la gran revoluci\u00f3n educativa nadie se queda atr\u00e1s y nadie se queda afuera, estamos dentro sociedad gobierno, maestras, maestros, padres de familia, todas y todos los alumnos trabajando por la gran transformaci\u00f3n en Guerrero, tenemos un compromiso absoluto con las ni\u00f1as y ni\u00f1os, con su educativo para que sigan estudiando\u00bb, expres\u00f3 la gobernadora.<\/p>\n<p style=\"text-align: justify;\">Con el saludo del Presidente Andr\u00e9s Manuel L\u00f3pez Obrador, la titular de la SEP, Leticia Ram\u00edrez Amaya, convivi\u00f3 con ni\u00f1as, ni\u00f1os y personal docente y directivo en este encuentro donde resalt\u00f3 el compromiso del Gobierno de M\u00e9xico con la educaci\u00f3n en Guerrero a trav\u00e9s <img loading=\"lazy\" decoding=\"async\" class=\"alignleft size-medium wp-image-1251130\" src=\"https:\/\/www.acapulcopress.com\/wp-content\/uploads\/2023\/02\/ESP.GIRATAXCO3-375x277.jpg\" alt=\"\" width=\"375\" height=\"277\" \/>de diversos programas como la \u00abEscuela es Nuestra\u00bb que beneficia en todo el pa\u00eds a m\u00e1s de 113 mil planteles, con recursos directos a los comit\u00e9s de padres de familia para cubrir las necesidades de sus escuelas.<\/p>\n<p style=\"text-align: justify;\">La funcionaria federal y encargada de la educaci\u00f3n en M\u00e9xico, afirm\u00f3 que una de las tareas importantes en el rubro educativo es combatir el rezago educativo y la deserci\u00f3n escolar para elevar el nivel educativo en Guerrero.<\/p>\n<p style=\"text-align: justify;\">La titular de la SEP, Leticia Ram\u00edrez Amaya junto con la gobernadora Evelyn Salgado sumaron esfuerzos por mejorar la calidad educativa en Guerrero a trav\u00e9s de un trabajo coordinado con el secretario de Secretar\u00eda de Educaci\u00f3n Guerrero, <a href=\"https:\/\/www.facebook.com\/MarcialRodriguezS\" target=\"_blank\" rel=\"noopener\">Marcial Rodr\u00edguez\u00a0Salda\u00f1a<\/a>.<\/p>\n<p style=\"text-align: justify;\"><em>] Vis\u00edtanos en ) acapulcopress.com y S\u00edguenos en ) facebook.com\/acapulcopress.news<\/em><\/p>\n","protected":false},"excerpt":{"rendered":"<p>CHILPANCINGO * 22 de febrero de 2023. ) Gobierno de Guerrero La gobernadora Evelyn Salgado Pineda recibi\u00f3 en Taxco a la Secretaria de Educaci\u00f3n P\u00fablica (SEP), Leticia Ram\u00edrez Amaya, para evaluar desde las aulas la implementaci\u00f3n de la transformaci\u00f3n educativa en Guerrero y hacer entrega de equipo de c\u00f3mputo, mobiliario, material did\u00e1ctico y uniformes gratuitos&#8230;<\/p>\n","protected":false},"author":2,"featured_media":1251137,"comment_status":"closed","ping_status":"closed","sticky":false,"template":"","format":"standard","meta":{"footnotes":""},"categories":[1983,18561],"tags":[8251,9302,12457,16171],"class_list":["post-1251127","post","type-post","status-publish","format-standard","has-post-thumbnail","hentry","category-guerrerogob","category-society-politics","tag-evelyn-salgado-pineda","tag-gobierno-de-guerrero","tag-marcial-rodriguez-saldana","tag-secretaria-de-educacion-publica-sep"],"_links":{"self":[{"href":"https:\/\/www.acapulcopress.com\/index.php\/wp-json\/wp\/v2\/posts\/1251127","targetHints":{"allow":["GET"]}}],"collection":[{"href":"https:\/\/www.acapulcopress.com\/index.php\/wp-json\/wp\/v2\/posts"}],"about":[{"href":"https:\/\/www.acapulcopress.com\/index.php\/wp-json\/wp\/v2\/types\/post"}],"author":[{"embeddable":true,"href":"https:\/\/www.acapulcopress.com\/index.php\/wp-json\/wp\/v2\/users\/2"}],"replies":[{"embeddable":true,"href":"https:\/\/www.acapulcopress.com\/index.php\/wp-json\/wp\/v2\/comments?post=1251127"}],"version-history":[{"count":0,"href":"https:\/\/www.acapulcopress.com\/index.php\/wp-json\/wp\/v2\/posts\/1251127\/revisions"}],"wp:featuredmedia":[{"embeddable":true,"href":"https:\/\/www.acapulcopress.com\/index.php\/wp-json\/"}],"wp:attachment":[{"href":"https:\/\/www.acapulcopress.com\/index.php\/wp-json\/wp\/v2\/media?parent=1251127"}],"wp:term":[{"taxonomy":"category","embeddable":true,"href":"https:\/\/www.acapulcopress.com\/index.php\/wp-json\/wp\/v2\/categories?post=1251127"},{"taxonomy":"post_tag","embeddable":true,"href":"https:\/\/www.acapulcopress.com\/index.php\/wp-json\/wp\/v2\/tags?post=1251127"}],"curies":[{"name":"wp","href":"https:\/\/api.w.org\/{rel}","templated":true}]}}