{"id":1251140,"date":"2023-02-22T20:07:15","date_gmt":"2023-02-23T02:07:15","guid":{"rendered":"https:\/\/www.acapulcopress.com\/?p=1251140"},"modified":"2023-02-22T20:07:15","modified_gmt":"2023-02-23T02:07:15","slug":"guerrero-vive-un-secuestro-colectivo-obispo","status":"publish","type":"post","link":"https:\/\/www.acapulcopress.com\/index.php\/2023\/02\/22\/guerrero-vive-un-secuestro-colectivo-obispo\/","title":{"rendered":"Guerrero vive un &#8216;secuestro colectivo&#8217; | Obispo"},"content":{"rendered":"<p style=\"text-align: justify;\">CHILPANCINGO * 22 de febrero de 2023.<br \/>\n<em>) <a href=\"https:\/\/a-nasa.com.mx\/\" target=\"_blank\" rel=\"noopener\">ANASA<\/a><\/em><br \/>\nEl obispo de la di\u00f3cesis Chilpancingo-Chilapa Jos\u00e9 de Jes\u00fas Gonz\u00e1lez Hern\u00e1ndez advirti\u00f3 que en Guerrero se vive un secuestro colectivo por los grupos criminales.<\/p>\n<p style=\"text-align: justify;\">El l\u00edder religioso encabez\u00f3 una celebraci\u00f3n matutina en la Catedral Santa Mar\u00eda de la Asunci\u00f3n de Chilpancingo, en la que llam\u00f3 a las autoridades a no dejarse influenciar por el mal.<\/p>\n<p style=\"text-align: justify;\">Asegur\u00f3 que el mal en la entidad ha sido permitido por la propia sociedad y pidi\u00f3 en este tiempo de Cuaresma se\u00f1alar d\u00f3nde el gobierno no est\u00e1 haciendo bien su trabajo.<\/p>\n<p>Aparte, en una entrevista con medios, el obispo critic\u00f3 que los secuestros que antes eran individuales, ahora son en masas, en pueblos e incluso municipios, los cuales est\u00e1n bajo el poder del crimen organizado.<\/p>\n<p style=\"text-align: justify;\">Mencion\u00f3 que estos grupos armados han adquirido mucha fuerza por presi\u00f3n o porque incluso se les ha brindado ese poder, y que han establecido \u201caduanas de control\u201d en las regiones.<\/p>\n<p style=\"text-align: justify;\">\u201cLas v\u00edctimas est\u00e1n sufriendo, est\u00e1n sufriendo que no puedan salir a comprar sus cosas, no puedan salir a hacer sus vidas, no puedan salir a buscar, pues\u2026 entonces, (estamos) esclavizados por los grupos armados, por los grupos delincuenciales que tienen mucha fuerza, porque se les ha dado esa fuerza\u201d, puntualiz\u00f3.<\/p>\n<p style=\"text-align: justify;\">El obispo dijo que lejos de una estrategia de seguridad, lo que se tiene que hacer es que la autoridad no permita influenciarse por las fuerzas del mal, y precis\u00f3 que a\u00fan existe confianza a los gobiernos.<\/p>\n<p style=\"text-align: justify;\"><em>] Vis\u00edtanos en ) acapulcopress.com y S\u00edguenos en ) facebook.com\/<a href=\"https:\/\/www.facebook.com\/acapulcopress.news\" target=\"_blank\" rel=\"noopener\">acapulcopress.news<\/a><\/em><\/p>\n<p style=\"text-align: justify;\">\n","protected":false},"excerpt":{"rendered":"<p>CHILPANCINGO * 22 de febrero de 2023. ) ANASA El obispo de la di\u00f3cesis Chilpancingo-Chilapa Jos\u00e9 de Jes\u00fas Gonz\u00e1lez Hern\u00e1ndez advirti\u00f3 que en Guerrero se vive un secuestro colectivo por los grupos criminales. El l\u00edder religioso encabez\u00f3 una celebraci\u00f3n matutina en la Catedral Santa Mar\u00eda de la Asunci\u00f3n de Chilpancingo, en la que llam\u00f3 a&#8230;<\/p>\n","protected":false},"author":2,"featured_media":1251141,"comment_status":"closed","ping_status":"closed","sticky":false,"template":"","format":"standard","meta":{"footnotes":""},"categories":[1997],"tags":[5397,11007],"class_list":["post-1251140","post","type-post","status-publish","format-standard","has-post-thumbnail","hentry","category-noticias-destacadas","tag-catedral-santa-maria-de-la-asuncion-chilpancingo","tag-jose-de-jesus-gonzalez-hernandez"],"_links":{"self":[{"href":"https:\/\/www.acapulcopress.com\/index.php\/wp-json\/wp\/v2\/posts\/1251140","targetHints":{"allow":["GET"]}}],"collection":[{"href":"https:\/\/www.acapulcopress.com\/index.php\/wp-json\/wp\/v2\/posts"}],"about":[{"href":"https:\/\/www.acapulcopress.com\/index.php\/wp-json\/wp\/v2\/types\/post"}],"author":[{"embeddable":true,"href":"https:\/\/www.acapulcopress.com\/index.php\/wp-json\/wp\/v2\/users\/2"}],"replies":[{"embeddable":true,"href":"https:\/\/www.acapulcopress.com\/index.php\/wp-json\/wp\/v2\/comments?post=1251140"}],"version-history":[{"count":0,"href":"https:\/\/www.acapulcopress.com\/index.php\/wp-json\/wp\/v2\/posts\/1251140\/revisions"}],"wp:featuredmedia":[{"embeddable":true,"href":"https:\/\/www.acapulcopress.com\/index.php\/wp-json\/"}],"wp:attachment":[{"href":"https:\/\/www.acapulcopress.com\/index.php\/wp-json\/wp\/v2\/media?parent=1251140"}],"wp:term":[{"taxonomy":"category","embeddable":true,"href":"https:\/\/www.acapulcopress.com\/index.php\/wp-json\/wp\/v2\/categories?post=1251140"},{"taxonomy":"post_tag","embeddable":true,"href":"https:\/\/www.acapulcopress.com\/index.php\/wp-json\/wp\/v2\/tags?post=1251140"}],"curies":[{"name":"wp","href":"https:\/\/api.w.org\/{rel}","templated":true}]}}