{"id":1251145,"date":"2023-02-22T20:23:48","date_gmt":"2023-02-23T02:23:48","guid":{"rendered":"https:\/\/www.acapulcopress.com\/?p=1251145"},"modified":"2023-02-22T20:23:48","modified_gmt":"2023-02-23T02:23:48","slug":"dificil-suponer-que-calderon-desconocia-vinculos-de-garcia-luna-con-narcos","status":"publish","type":"post","link":"https:\/\/www.acapulcopress.com\/index.php\/2023\/02\/22\/dificil-suponer-que-calderon-desconocia-vinculos-de-garcia-luna-con-narcos\/","title":{"rendered":"Dif\u00edcil suponer que Calder\u00f3n desconoc\u00eda v\u00ednculos de Garc\u00eda Luna con narcos | #EsClaudia"},"content":{"rendered":"<p style=\"text-align: justify;\">CIUDAD DE M\u00c9XICO * 22 de febrero de 2023.<br \/>\n<em>) <a href=\"https:\/\/latinus.us\/2023\/02\/22\/dificil-suponer-felipe-calderon-no-sabia-acuerdos-garcia-luna-narcotrafico-sheinbaum\/\" target=\"_blank\" rel=\"noopener\">LatinUS<\/a><\/em><br \/>\nLa jefa de Gobierno de la Ciudad de M\u00e9xico, Claudia Sheinbaum, se pronunci\u00f3 sobre el veredicto del exsecretario de Seguridad P\u00fablica, Genaro Garc\u00eda Luna, y se\u00f1al\u00f3 que \u201ces dif\u00edcil suponer que Calder\u00f3n no sab\u00eda\u201d sobre el actuar de su jefe de la polic\u00eda.<\/p>\n<p style=\"text-align: justify;\">Durante la inauguraci\u00f3n de la primera estaci\u00f3n de carga de camiones el\u00e9ctricos, la mandataria nuevamente acus\u00f3 al expresidente Felipe Calder\u00f3n de fraude en las elecciones de 2006 y de iniciar la guerra contra el narcotr\u00e1fico en M\u00e9xico durante su administraci\u00f3n.<\/p>\n<p style=\"text-align: justify;\">\u201cUna persona que llega a la presidencia a partir de un fraude electoral, que para legitimarse decide hacer una guerra en su propio pa\u00eds, supuestamente contra el narcotr\u00e1fico, pone a un personaje que, entonces supon\u00edamos y hoy sabemos, se enriqueci\u00f3, que hizo acuerdos y que adem\u00e1s minti\u00f3 y es dif\u00edcil suponer que Calder\u00f3n no sab\u00eda\u201d, asegur\u00f3 ante medios de comunicaci\u00f3n.<\/p>\n<p style=\"text-align: justify;\">El juicio del extitular de la Secretaria de Seguridad P\u00fablica se realiz\u00f3 en una Corte de Nueva York, Estados Unidos, por lo que la funcionaria dijo que \u201cest\u00e1 bien que tambi\u00e9n afuera haya juicios de corrupci\u00f3n\u201d, sin embargo, asegur\u00f3 que en nuestro pa\u00eds se quiere que \u201cla justicia fuera mejor\u201d.<\/p>\n<p style=\"text-align: justify;\">Adem\u00e1s, critic\u00f3 que el pasado martes un tribunal revocara la decisi\u00f3n de un juez, quien le hab\u00eda negado un amparo a la esposa de Garc\u00eda Luna, Linda Cristina Pereyra G\u00e1lvez, con lo que se abri\u00f3 la puerta al descongelamiento de sus cuentas bancarias.<\/p>\n<p style=\"text-align: justify;\">\u201cYa saben ustedes que liberaron las cuentas de este personaje, que al mismo tiempo que estaba siendo declarado culpable por unos magistrados, o sea, es incre\u00edble que esto est\u00e9 ocurriendo, entonces lo m\u00e1s importante es la lucha contra la impunidad\u201c, dijo la jefa de Gobierno.<\/p>\n<p style=\"text-align: justify;\">Tras darse a conocer el veredicto del jurado el pasado 23 de febrero, pol\u00edticos de diferentes partidos celebraron que Genaro Garc\u00eda Luna fuera declarado culpable en Estados Unidos por cinco cargos, adem\u00e1s de que algunos se\u00f1alaron que debido a que el exfuncionario tuvo puestos en los gabinetes de Vicente Fox y Felipe Calder\u00f3n, los expresidentes \u201cson los que siguen\u201d.<\/p>\n<p style=\"text-align: justify;\"><em>] Vis\u00edtanos en ) acapulcopress.com y S\u00edguenos en ) facebook.com\/<a href=\"https:\/\/www.facebook.com\/acapulcopress.news\" target=\"_blank\" rel=\"noopener\">acapulcopress.news<\/a><\/em><\/p>\n","protected":false},"excerpt":{"rendered":"<p>CIUDAD DE M\u00c9XICO * 22 de febrero de 2023. ) LatinUS La jefa de Gobierno de la Ciudad de M\u00e9xico, Claudia Sheinbaum, se pronunci\u00f3 sobre el veredicto del exsecretario de Seguridad P\u00fablica, Genaro Garc\u00eda Luna, y se\u00f1al\u00f3 que \u201ces dif\u00edcil suponer que Calder\u00f3n no sab\u00eda\u201d sobre el actuar de su jefe de la polic\u00eda. Durante&#8230;<\/p>\n","protected":false},"author":2,"featured_media":1251146,"comment_status":"closed","ping_status":"closed","sticky":false,"template":"","format":"standard","meta":{"footnotes":""},"categories":[1969,1972,18565],"tags":[5853,8444,9131,9306,11985,17823],"class_list":["post-1251145","post","type-post","status-publish","format-standard","has-post-thumbnail","hentry","category-trending","category-special","category-politicos","tag-claudia-sheinbaum-pardo","tag-felipe-calderon-hinojosa","tag-genaro-garcia-luna","tag-gobierno-de-la-ciudad-de-mexico","tag-linda-cristina-pereyra-galvez","tag-vicente-fox"],"_links":{"self":[{"href":"https:\/\/www.acapulcopress.com\/index.php\/wp-json\/wp\/v2\/posts\/1251145","targetHints":{"allow":["GET"]}}],"collection":[{"href":"https:\/\/www.acapulcopress.com\/index.php\/wp-json\/wp\/v2\/posts"}],"about":[{"href":"https:\/\/www.acapulcopress.com\/index.php\/wp-json\/wp\/v2\/types\/post"}],"author":[{"embeddable":true,"href":"https:\/\/www.acapulcopress.com\/index.php\/wp-json\/wp\/v2\/users\/2"}],"replies":[{"embeddable":true,"href":"https:\/\/www.acapulcopress.com\/index.php\/wp-json\/wp\/v2\/comments?post=1251145"}],"version-history":[{"count":0,"href":"https:\/\/www.acapulcopress.com\/index.php\/wp-json\/wp\/v2\/posts\/1251145\/revisions"}],"wp:featuredmedia":[{"embeddable":true,"href":"https:\/\/www.acapulcopress.com\/index.php\/wp-json\/"}],"wp:attachment":[{"href":"https:\/\/www.acapulcopress.com\/index.php\/wp-json\/wp\/v2\/media?parent=1251145"}],"wp:term":[{"taxonomy":"category","embeddable":true,"href":"https:\/\/www.acapulcopress.com\/index.php\/wp-json\/wp\/v2\/categories?post=1251145"},{"taxonomy":"post_tag","embeddable":true,"href":"https:\/\/www.acapulcopress.com\/index.php\/wp-json\/wp\/v2\/tags?post=1251145"}],"curies":[{"name":"wp","href":"https:\/\/api.w.org\/{rel}","templated":true}]}}