{"id":1251149,"date":"2023-02-22T20:42:35","date_gmt":"2023-02-23T02:42:35","guid":{"rendered":"https:\/\/www.acapulcopress.com\/?p=1251149"},"modified":"2023-02-22T20:42:35","modified_gmt":"2023-02-23T02:42:35","slug":"presidencia-del-ine-debera-ocuparla-una-mujer-resuelve-tribunal-electoral","status":"publish","type":"post","link":"https:\/\/www.acapulcopress.com\/index.php\/2023\/02\/22\/presidencia-del-ine-debera-ocuparla-una-mujer-resuelve-tribunal-electoral\/","title":{"rendered":"Presidencia del INE deber\u00e1 ocuparla una mujer, resuelve Tribunal Electoral"},"content":{"rendered":"<p style=\"text-align: justify;\">CIUDAD DE M\u00c9XICO * 22 de febrero de 2023.<br \/>\n<em>) <a href=\"https:\/\/latinus.us\/2023\/02\/22\/presidencia-ine-debera-ser-ocupada-mujer-resuelve-tribunal-electoral\/\" target=\"_blank\" rel=\"noopener\">LatinUS<\/a><\/em><br \/>\nEl pleno de la Sala Superior del Tribunal Electoral del Poder Judicial de la Federaci\u00f3n (TEPJF) resolvi\u00f3 este mi\u00e9rcoles que la presidencia del Instituto Nacional Electoral (INE) se deber\u00e1 ocupar por una mujer, tras la salida de Lorenzo C\u00f3rdova.<\/p>\n<p style=\"text-align: justify;\">En la sesi\u00f3n de este mi\u00e9rcoles, los magistrados votaron por mayor\u00eda que se ordene a la C\u00e1mara de Diputados la modificaci\u00f3n de la convocatoria para garantizar que al menos dos de los cuatro consejeros del INE sean ocupados por mujeres, entre estos la presidencia.<\/p>\n<p style=\"text-align: justify;\">La magistrada M\u00f3nica Aral\u00ed Soto Fragoso explic\u00f3 que con esta decisi\u00f3n se busca garantizar que por primera vez se cuente con una mayor\u00eda de mujeres en las instancias como el INE.<\/p>\n<p style=\"text-align: justify;\">\u201cEn el caso del INE, no ha sido presidido por una mujer, excepto el periodo en el que estuvo, digamos de alguna manera, compartiendo por un mes la presidencia, en tanto se llegaban los nombramientos, estimo que es el momento en el que se debe garantizar la participaci\u00f3n y presencia de una mujer en la presidencia del INE\u201d, expres\u00f3.<\/p>\n<p style=\"text-align: justify;\">Y celebr\u00f3 que la Suprema Corte de Justicia de la Naci\u00f3n (SCJN) sea presidida por una mujer, la ministra Norma Luc\u00eda Pi\u00f1a.<\/p>\n<p style=\"text-align: justify;\">Por su parte, la magistrada Janine Ot\u00e1lora Malassis precis\u00f3 que a lo largo de la historia del INE se han tenido 12 presidentes hombres y dos mujeres, pero estas s\u00f3lo en casos provisionales.<\/p>\n<p style=\"text-align: justify;\">Estimo que en esta congruencia se tiene que ordenar que para la quintenta, para la presidencia del INE, se integre \u00fanicamente por mujeres para garantizar que quien presida dicho \u00f3rgano sea una mujer\u201d, dijo.<\/p>\n<p style=\"text-align: justify;\">La C\u00e1mara de Diputados public\u00f3 el pasado 16 de febrero la convocatoria para quienes aspiren a ocupar el cargo de consejero presidente del INE, as\u00ed como de tres plazas de consejero general electoral, a trav\u00e9s de la gaceta parlamentaria.<\/p>\n<p style=\"text-align: justify;\">Los nuevos consejeros iniciar\u00e1n sus funciones a partir del 4 de abril de este a\u00f1o, y terminar\u00e1n su periodo el 3 abril de 2032.<\/p>\n<p style=\"text-align: justify;\"><em>] Vis\u00edtanos en ) acapulcopress.com y S\u00edguenos en ) facebook.com\/<a href=\"https:\/\/www.facebook.com\/acapulcopress.news\" target=\"_blank\" rel=\"noopener\">acapulcopress.news<\/a><\/em><\/p>\n","protected":false},"excerpt":{"rendered":"<p>CIUDAD DE M\u00c9XICO * 22 de febrero de 2023. ) LatinUS El pleno de la Sala Superior del Tribunal Electoral del Poder Judicial de la Federaci\u00f3n (TEPJF) resolvi\u00f3 este mi\u00e9rcoles que la presidencia del Instituto Nacional Electoral (INE) se deber\u00e1 ocupar por una mujer, tras la salida de Lorenzo C\u00f3rdova. En la sesi\u00f3n de este&#8230;<\/p>\n","protected":false},"author":2,"featured_media":1251150,"comment_status":"closed","ping_status":"closed","sticky":false,"template":"","format":"standard","meta":{"footnotes":""},"categories":[1969,2053],"tags":[10337,17391],"class_list":["post-1251149","post","type-post","status-publish","format-standard","has-post-thumbnail","hentry","category-trending","category-elecciones-special","tag-instituto-nacional-electoral-ine","tag-tribunal-electoral-del-poder-judicial-de-la-federacion-tepjf"],"_links":{"self":[{"href":"https:\/\/www.acapulcopress.com\/index.php\/wp-json\/wp\/v2\/posts\/1251149","targetHints":{"allow":["GET"]}}],"collection":[{"href":"https:\/\/www.acapulcopress.com\/index.php\/wp-json\/wp\/v2\/posts"}],"about":[{"href":"https:\/\/www.acapulcopress.com\/index.php\/wp-json\/wp\/v2\/types\/post"}],"author":[{"embeddable":true,"href":"https:\/\/www.acapulcopress.com\/index.php\/wp-json\/wp\/v2\/users\/2"}],"replies":[{"embeddable":true,"href":"https:\/\/www.acapulcopress.com\/index.php\/wp-json\/wp\/v2\/comments?post=1251149"}],"version-history":[{"count":0,"href":"https:\/\/www.acapulcopress.com\/index.php\/wp-json\/wp\/v2\/posts\/1251149\/revisions"}],"wp:featuredmedia":[{"embeddable":true,"href":"https:\/\/www.acapulcopress.com\/index.php\/wp-json\/"}],"wp:attachment":[{"href":"https:\/\/www.acapulcopress.com\/index.php\/wp-json\/wp\/v2\/media?parent=1251149"}],"wp:term":[{"taxonomy":"category","embeddable":true,"href":"https:\/\/www.acapulcopress.com\/index.php\/wp-json\/wp\/v2\/categories?post=1251149"},{"taxonomy":"post_tag","embeddable":true,"href":"https:\/\/www.acapulcopress.com\/index.php\/wp-json\/wp\/v2\/tags?post=1251149"}],"curies":[{"name":"wp","href":"https:\/\/api.w.org\/{rel}","templated":true}]}}