{"id":1251160,"date":"2023-02-22T21:25:54","date_gmt":"2023-02-23T03:25:54","guid":{"rendered":"https:\/\/www.acapulcopress.com\/?p=1251160"},"modified":"2023-02-22T21:25:54","modified_gmt":"2023-02-23T03:25:54","slug":"exhorta-congreso-a-tres-niveles-de-gobierno-reforzar-control-de-incendios-forestales","status":"publish","type":"post","link":"https:\/\/www.acapulcopress.com\/index.php\/2023\/02\/22\/exhorta-congreso-a-tres-niveles-de-gobierno-reforzar-control-de-incendios-forestales\/","title":{"rendered":"Exhorta Congreso a tres niveles de gobierno reforzar control de incendios forestales"},"content":{"rendered":"<p style=\"text-align: justify;\">CHILPANCINGO * 22 de febrero de 2023.<br \/>\n) Congreso de Guerrero<br \/>\nLa Comisi\u00f3n Permanente del Congreso del Estado aprob\u00f3 por unanimidad exhortar al secretario de Gesti\u00f3n Integral de Riesgos y Protecci\u00f3n Civil del Estado, Roberto Arroyo Matus; al delegado del Gobierno Federal en Guerrero, Iv\u00e1n Hern\u00e1ndez D\u00edaz; a alcaldes, alcaldesas y el Consejo Municipal de Ayutla de los Libres, para que instrumenten los mecanismos de presupuestaci\u00f3n, coordinaci\u00f3n y participaci\u00f3n ciudadana tendentes a prevenir y mitigar el impacto de los incendios forestales en Guerrero.<\/p>\n<p style=\"text-align: justify;\">El exhorto tambi\u00e9n contempla a los propietarios y poseedores de terrenos forestales para que, de manera coordinada con las instancias involucradas, integren las comisiones necesarias y coadyuven con las tareas de prevenci\u00f3n y combate de incendios forestales a lo largo y ancho de la entidad.<\/p>\n<p style=\"text-align: justify;\">Al dar lectura a la propuesta, la diputada <a href=\"https:\/\/www.facebook.com\/patydoroteoprd\" target=\"_blank\" rel=\"noopener\">Patricia Doroteo Calder\u00f3n<\/a>, a nombre del Grupo Parlamentario del PRD, inform\u00f3 que del 1 al 15 de diciembre del a\u00f1o pasado se registraron seis mil 685 incendios forestales en el pa\u00eds, que afectaron a 738 mil 696.66 hect\u00e1reas, siendo el estado de Guerrero una de las entidades m\u00e1s afectadas, seguida de Durango, Jalisco, Chihuahua, Chiapas, Nayarit, Oaxaca, Sonora, Tamaulipas y Michoac\u00e1n.<\/p>\n<p style=\"text-align: justify;\">Lament\u00f3 que, pese a las altas cifras de afectaciones a la flora y la fauna, la Secretar\u00eda de Medio Ambiente y Recursos Naturales ha reducido sucesivamente el porcentaje de recursos econ\u00f3micos destinados a la Comisi\u00f3n Nacional Forestal, a la que en 2018 le otorg\u00f3 el 10.6 por ciento de sus fondos, equivalentes a tres mil 991.3 millones de pesos; en 2019 baj\u00f3 a 8.9 por ciento; es decir, a dos mil 765.2 millones de pesos; en 2020 la asignaci\u00f3n disminuy\u00f3 al 8.6 por ciento; en 2021 le entreg\u00f3 el 7.5 por ciento, y el decremento m\u00e1s fuerte se aprob\u00f3 en 2022, con tan solo 5.9 por ciento.<\/p>\n<p style=\"text-align: justify;\">Ante este panorama, la legisladora consider\u00f3 importante hacer este llamado a las citadas instancias de gobierno para que atiendan de manera integral los recurrentes incendios forestales que se agravan por la falta de recursos econ\u00f3micos y humanos, en especial durante la temporada de estiaje.<\/p>\n<p style=\"text-align: justify;\"><strong>Intervenciones<\/strong><\/p>\n<p style=\"text-align: justify;\">La diputada Claudia Sierra P\u00e9rez intervino con el tema \u201c24 de febrero, D\u00eda de la Bandera Nacional\u201d, refiriendo que este es uno de los s\u00edmbolos m\u00e1s queridos y respetados por los mexicanos, que representa nuestra independencia, libertad, igualdad y unidad; esencia tambi\u00e9n de nuestra diversidad, historia y cultura.<\/p>\n<p style=\"text-align: justify;\">La legisladora hizo un llamado a salvaguardar los principios y valores que representa la Bandera Nacional, para que siga siendo un s\u00edmbolo de lucha y orgullo en las presentes y futuras generaciones.<\/p>\n<p><em>] Vis\u00edtanos en ) acapulcopress.com y S\u00edguenos en ) facebook.com\/<a href=\"https:\/\/www.facebook.com\/acapulcopress.news\" target=\"_blank\" rel=\"noopener\">acapulcopress.news<\/a><\/em><\/p>\n","protected":false},"excerpt":{"rendered":"<p>CHILPANCINGO * 22 de febrero de 2023. ) Congreso de Guerrero La Comisi\u00f3n Permanente del Congreso del Estado aprob\u00f3 por unanimidad exhortar al secretario de Gesti\u00f3n Integral de Riesgos y Protecci\u00f3n Civil del Estado, Roberto Arroyo Matus; al delegado del Gobierno Federal en Guerrero, Iv\u00e1n Hern\u00e1ndez D\u00edaz; a alcaldes, alcaldesas y el Consejo Municipal de&#8230;<\/p>\n","protected":false},"author":2,"featured_media":1251152,"comment_status":"closed","ping_status":"closed","sticky":false,"template":"","format":"standard","meta":{"footnotes":""},"categories":[61,18561],"tags":[],"class_list":["post-1251160","post","type-post","status-publish","format-standard","has-post-thumbnail","hentry","category-legislacion","category-society-politics"],"_links":{"self":[{"href":"https:\/\/www.acapulcopress.com\/index.php\/wp-json\/wp\/v2\/posts\/1251160","targetHints":{"allow":["GET"]}}],"collection":[{"href":"https:\/\/www.acapulcopress.com\/index.php\/wp-json\/wp\/v2\/posts"}],"about":[{"href":"https:\/\/www.acapulcopress.com\/index.php\/wp-json\/wp\/v2\/types\/post"}],"author":[{"embeddable":true,"href":"https:\/\/www.acapulcopress.com\/index.php\/wp-json\/wp\/v2\/users\/2"}],"replies":[{"embeddable":true,"href":"https:\/\/www.acapulcopress.com\/index.php\/wp-json\/wp\/v2\/comments?post=1251160"}],"version-history":[{"count":0,"href":"https:\/\/www.acapulcopress.com\/index.php\/wp-json\/wp\/v2\/posts\/1251160\/revisions"}],"wp:featuredmedia":[{"embeddable":true,"href":"https:\/\/www.acapulcopress.com\/index.php\/wp-json\/"}],"wp:attachment":[{"href":"https:\/\/www.acapulcopress.com\/index.php\/wp-json\/wp\/v2\/media?parent=1251160"}],"wp:term":[{"taxonomy":"category","embeddable":true,"href":"https:\/\/www.acapulcopress.com\/index.php\/wp-json\/wp\/v2\/categories?post=1251160"},{"taxonomy":"post_tag","embeddable":true,"href":"https:\/\/www.acapulcopress.com\/index.php\/wp-json\/wp\/v2\/tags?post=1251160"}],"curies":[{"name":"wp","href":"https:\/\/api.w.org\/{rel}","templated":true}]}}