{"id":1251163,"date":"2023-02-23T19:46:01","date_gmt":"2023-02-24T01:46:01","guid":{"rendered":"https:\/\/www.acapulcopress.com\/?p=1251163"},"modified":"2023-02-23T19:46:01","modified_gmt":"2023-02-24T01:46:01","slug":"preside-marcial-rodriguez-sesion-del-consejo-estatal-de-participacion-social-en-educacion","status":"publish","type":"post","link":"https:\/\/www.acapulcopress.com\/index.php\/2023\/02\/23\/preside-marcial-rodriguez-sesion-del-consejo-estatal-de-participacion-social-en-educacion\/","title":{"rendered":"Preside Marcial Rodr\u00edguez sesi\u00f3n del Consejo Estatal de Participaci\u00f3n Social en Educaci\u00f3n"},"content":{"rendered":"<p style=\"text-align: justify;\">CHILPANCINGO * 23 de febrero de 2023.<br \/>\n<em>) <a href=\"https:\/\/www.facebook.com\/EducacionGuerrero\" target=\"_blank\" rel=\"noopener\">SEG<\/a><\/em><br \/>\nEl secretario de Educaci\u00f3n en Guerrero, <a href=\"https:\/\/www.facebook.com\/MarcialRodriguezS\" target=\"_blank\" rel=\"noopener\">Marcial Rodr\u00edguez Salda\u00f1a<\/a>, presidi\u00f3 la segunda sesi\u00f3n ordinaria del Consejo Estatal de Participaci\u00f3n Escolar en la Educaci\u00f3n, en cuya <img loading=\"lazy\" decoding=\"async\" class=\"alignleft size-medium wp-image-1251165\" src=\"https:\/\/www.acapulcopress.com\/wp-content\/uploads\/2023\/02\/marcialrs.seg2_-375x150.jpg\" alt=\"\" width=\"375\" height=\"150\" \/>agenda se abordar\u00e1n temas relativos a la cultura de la paz, la no violencia -especialmente en contra de las mujeres-, la protecci\u00f3n a los derechos humanos, la no discriminaci\u00f3n, la igualdad de g\u00e9nero, la pluriculturalidad, la protecci\u00f3n y regeneraci\u00f3n del medio ambiente.<\/p>\n<p style=\"text-align: justify;\">Rodr\u00edguez Salda\u00f1a manifest\u00f3 que la gobernadora <a href=\"https:\/\/www.facebook.com\/EvelynSalgadoP\" target=\"_blank\" rel=\"noopener\">Evelyn Salgado Pineda<\/a> impulsa una profunda transformaci\u00f3n educativa en la entidad, con la participaci\u00f3n de la sociedad, con el objetivo de lograr el bienestar, el desarrollo social, econ\u00f3mico, pol\u00edtico y cultural del pueblo.<\/p>\n<p style=\"text-align: justify;\">Asistieron al evento el subsecretario de Educaci\u00f3n B\u00e1sica, Ricardo Castillo Pe\u00f1a; la secretaria T\u00e9cnica del Consejo Estatal de Participaci\u00f3n Escolar en la Educaci\u00f3n (Coestpaee), Miguelina Ramos Hern\u00e1ndez; la presidenta del mismo Coestpaee, Martha Bahena Betancourt; consejeros de las ocho regiones del Estado, representantes de distintas dependencias estatales y parte de la estructura de la SEG.<\/p>\n<p>] Vis\u00edtanos en ) acapulcopress.com y S\u00edguenos en ) facebook.com\/<a href=\"https:\/\/www.facebook.com\/acapulcopress.news\" target=\"_blank\" rel=\"noopener\">acapulcopress.news<\/a><\/p>\n","protected":false},"excerpt":{"rendered":"<p>CHILPANCINGO * 23 de febrero de 2023. ) SEG El secretario de Educaci\u00f3n en Guerrero, Marcial Rodr\u00edguez Salda\u00f1a, presidi\u00f3 la segunda sesi\u00f3n ordinaria del Consejo Estatal de Participaci\u00f3n Escolar en la Educaci\u00f3n, en cuya agenda se abordar\u00e1n temas relativos a la cultura de la paz, la no violencia -especialmente en contra de las mujeres-, la&#8230;<\/p>\n","protected":false},"author":2,"featured_media":1251164,"comment_status":"closed","ping_status":"closed","sticky":false,"template":"","format":"standard","meta":{"footnotes":""},"categories":[18561,2081],"tags":[6458,12457,16165,16362],"class_list":["post-1251163","post","type-post","status-publish","format-standard","has-post-thumbnail","hentry","category-society-politics","category-seg","tag-consejo-estatal-de-participacion-escolar-en-la-educacion-coestpaee","tag-marcial-rodriguez-saldana","tag-secretaria-de-educacion-en-guerrero","tag-seg"],"_links":{"self":[{"href":"https:\/\/www.acapulcopress.com\/index.php\/wp-json\/wp\/v2\/posts\/1251163","targetHints":{"allow":["GET"]}}],"collection":[{"href":"https:\/\/www.acapulcopress.com\/index.php\/wp-json\/wp\/v2\/posts"}],"about":[{"href":"https:\/\/www.acapulcopress.com\/index.php\/wp-json\/wp\/v2\/types\/post"}],"author":[{"embeddable":true,"href":"https:\/\/www.acapulcopress.com\/index.php\/wp-json\/wp\/v2\/users\/2"}],"replies":[{"embeddable":true,"href":"https:\/\/www.acapulcopress.com\/index.php\/wp-json\/wp\/v2\/comments?post=1251163"}],"version-history":[{"count":0,"href":"https:\/\/www.acapulcopress.com\/index.php\/wp-json\/wp\/v2\/posts\/1251163\/revisions"}],"wp:featuredmedia":[{"embeddable":true,"href":"https:\/\/www.acapulcopress.com\/index.php\/wp-json\/"}],"wp:attachment":[{"href":"https:\/\/www.acapulcopress.com\/index.php\/wp-json\/wp\/v2\/media?parent=1251163"}],"wp:term":[{"taxonomy":"category","embeddable":true,"href":"https:\/\/www.acapulcopress.com\/index.php\/wp-json\/wp\/v2\/categories?post=1251163"},{"taxonomy":"post_tag","embeddable":true,"href":"https:\/\/www.acapulcopress.com\/index.php\/wp-json\/wp\/v2\/tags?post=1251163"}],"curies":[{"name":"wp","href":"https:\/\/api.w.org\/{rel}","templated":true}]}}