{"id":1251167,"date":"2023-02-23T21:02:36","date_gmt":"2023-02-24T03:02:36","guid":{"rendered":"https:\/\/www.acapulcopress.com\/?p=1251167"},"modified":"2023-02-23T21:02:36","modified_gmt":"2023-02-24T03:02:36","slug":"con-evento-cultural-celebra-parque-papagayo-su-42-aniversario-de-existencia","status":"publish","type":"post","link":"https:\/\/www.acapulcopress.com\/index.php\/2023\/02\/23\/con-evento-cultural-celebra-parque-papagayo-su-42-aniversario-de-existencia\/","title":{"rendered":"Con evento cultural celebra Parque Papagayo su 42 Aniversario de existencia"},"content":{"rendered":"<p style=\"text-align: justify;\">ACAPULCO * 23 de febrero de 2023.<br \/>\n<em>) <a href=\"https:\/\/www.facebook.com\/GobiernoGuerrero\" target=\"_blank\" rel=\"noopener\">Gobierno de Guerrero<\/a><\/em><br \/>\n<img loading=\"lazy\" decoding=\"async\" class=\"alignleft size-medium wp-image-1251168\" src=\"https:\/\/www.acapulcopress.com\/wp-content\/uploads\/2023\/02\/PAPAGAYO-CALENDARIO-375x485.jpg\" alt=\"\" width=\"375\" height=\"485\" \/>Este jueves dio inicio el festival cultural para celebrar el 42 aniversario del <a href=\"https:\/\/www.facebook.com\/ParquePapagayoAcapulcoEPBS\" target=\"_blank\" rel=\"noopener\">Parque Papagayo<\/a>, con una muestra pict\u00f3rica y el ensamble sinf\u00f3nico de violines \u201cOlas del Mar\u201d que se presentaron en el \u00e1rea de<em> La Parota Mayor.<\/em><\/p>\n<p style=\"text-align: justify;\">En la inauguraci\u00f3n del evento, el director general del parque, Abel Luvio Villanueva dio la bienvenida a los artistas guerrerenses y reconoci\u00f3 el talento que hay en nuestra entidad, al inaugurar la muestra pict\u00f3rica \u201cArte S\u00f3lido\u201d del destacado pintor Daniel Arcos.<\/p>\n<p style=\"text-align: justify;\">Asimismo, coment\u00f3 que espera que el Parque se convierta en un \u00e1rea no s\u00f3lo de recreo y diversi\u00f3n, sino tambi\u00e9n un espacio de cultura y aprendizaje.<\/p>\n<p style=\"text-align: justify;\">Agradeci\u00f3 el apoyo de la gobernadora <a href=\"https:\/\/www.facebook.com\/EvelynSalgadoP\" target=\"_blank\" rel=\"noopener\">Evelyn Salgado Pineda<\/a>, as\u00ed como el respaldo de la secretaria de Desarrollo y Bienestar Social, <a href=\"https:\/\/www.facebook.com\/maricarmencabreralagunas\" target=\"_blank\" rel=\"noopener\">Mar\u00eda del Carmen Cabrera Lagunas<\/a> para la realizaci\u00f3n de estos eventos tan significativos para el pulm\u00f3n verde y cultural de Acapulco.<\/p>\n<p style=\"text-align: justify;\">En el \u00e1rea de <em>La Parota Mayor<\/em> del jueves 23 al martes 28 de febrero, estar\u00e1 expuesta la <img loading=\"lazy\" decoding=\"async\" class=\"alignleft size-medium wp-image-1251174\" src=\"https:\/\/www.acapulcopress.com\/wp-content\/uploads\/2023\/02\/PAPAGAYO36-375x281.jpg\" alt=\"\" width=\"375\" height=\"281\" \/>obra de Daniel Arcos, quien cuenta con 20 a\u00f1os de trayectoria art\u00edstica y su trabajo se ha colocado en diversos museos, galer\u00edas y casas de cultura del pa\u00eds.<\/p>\n<p style=\"text-align: justify;\">El reconocido pintor hace sus propios cuadros, desde cortar madera, hasta preparar la tela y concluir la imagen.<\/p>\n<p style=\"text-align: justify;\">El viernes 24 ser\u00e1 una noche bohemia con trovadores guerrerenses como V\u00edctor Ad\u00e1n, quien particip\u00f3 en el Festival SICOM, Puebla en el 2008; tiene influencias musicales como jazz, bossa nova, boleros, blues, pop, trova y sones cubanos. Mientras que Ricardo Klimek, destaca por su m\u00fasica a la cr\u00edtica social, amor y musas.<\/p>\n<p style=\"text-align: justify;\">El s\u00e1bado y domingo a partir de las 17 horas se presentar\u00e1n grupos de folclor y ballet.<\/p>\n<p style=\"text-align: justify;\">El s\u00e1bado 25 de febrero en el Auditorio del Parque Papagayo se presentar\u00e1 el ballet <img loading=\"lazy\" decoding=\"async\" class=\"alignleft size-medium wp-image-1251171\" src=\"https:\/\/www.acapulcopress.com\/wp-content\/uploads\/2023\/02\/PAPAGAYO3-375x281.jpg\" alt=\"\" width=\"375\" height=\"281\" \/>contempor\u00e1neo de la Academia \u201cC\u00e9sar Cort\u00e9s\u201d.<\/p>\n<p style=\"text-align: justify;\">El domingo 26, la presentaci\u00f3n de danzas \u00e1rabes de Katy Celada, y los bailes regionales por parte de estudiantes del Colegio de Bachilleres Plantel 2, mismas que estar\u00e1n en el auditorio del parque.<\/p>\n<p style=\"text-align: justify;\">Mientras que el lunes 27 se tendr\u00e1 la participaci\u00f3n de estudiantes del Colegio Espa\u00f1ol con bailes folcl\u00f3ricos y modernos, la poetisa Cinthia Valeria Barrios con el poema \u201cLa tierra y la luna\u201d y posteriormente estudiantes del Colegio Madrid participar\u00e1n con dos bailes, tanto modernos como de la regi\u00f3n.<\/p>\n<p style=\"text-align: justify;\">El martes 28 de febrero d\u00eda del Aniversario del Parque, se program\u00f3 de las 9 horas a las 13 horas la liga cuadrangular de f\u00fatbol juvenil en las canchas deportivas y a las 18 horas la presentaci\u00f3n de la Orquesta Filarm\u00f3nica, dirigida del maestro Eduardo \u00c1lvarez, quien ofrecer\u00e1 un espectacular concierto para festejar los 42 a\u00f1os del Parque\u00a0Papagayo.<\/p>\n<p><img loading=\"lazy\" decoding=\"async\" class=\"alignnone wp-image-1251173 size-large\" src=\"https:\/\/www.acapulcopress.com\/wp-content\/uploads\/2023\/02\/PAPAGAYO35-840x630.jpg\" alt=\"\" width=\"696\" height=\"522\" \/><\/p>\n<p><em>] Vis\u00edtanos en ) acapulcopress.com y S\u00edguenos en ) facebook.com\/<a href=\"https:\/\/www.facebook.com\/acapulcopress.news\" target=\"_blank\" rel=\"noopener\">acapulcopress.news<\/a><\/em><\/p>\n","protected":false},"excerpt":{"rendered":"<p>ACAPULCO * 23 de febrero de 2023. ) Gobierno de Guerrero Este jueves dio inicio el festival cultural para celebrar el 42 aniversario del Parque Papagayo, con una muestra pict\u00f3rica y el ensamble sinf\u00f3nico de violines \u201cOlas del Mar\u201d que se presentaron en el \u00e1rea de La Parota Mayor. En la inauguraci\u00f3n del evento, el&#8230;<\/p>\n","protected":false},"author":2,"featured_media":1251170,"comment_status":"closed","ping_status":"closed","sticky":false,"template":"","format":"standard","meta":{"footnotes":""},"categories":[1972,2057,1988],"tags":[14261],"class_list":["post-1251167","post","type-post","status-publish","format-standard","has-post-thumbnail","hentry","category-special","category-eventos-lifestyles","category-lifestyles","tag-parque-papagayo-acapulco"],"_links":{"self":[{"href":"https:\/\/www.acapulcopress.com\/index.php\/wp-json\/wp\/v2\/posts\/1251167","targetHints":{"allow":["GET"]}}],"collection":[{"href":"https:\/\/www.acapulcopress.com\/index.php\/wp-json\/wp\/v2\/posts"}],"about":[{"href":"https:\/\/www.acapulcopress.com\/index.php\/wp-json\/wp\/v2\/types\/post"}],"author":[{"embeddable":true,"href":"https:\/\/www.acapulcopress.com\/index.php\/wp-json\/wp\/v2\/users\/2"}],"replies":[{"embeddable":true,"href":"https:\/\/www.acapulcopress.com\/index.php\/wp-json\/wp\/v2\/comments?post=1251167"}],"version-history":[{"count":0,"href":"https:\/\/www.acapulcopress.com\/index.php\/wp-json\/wp\/v2\/posts\/1251167\/revisions"}],"wp:featuredmedia":[{"embeddable":true,"href":"https:\/\/www.acapulcopress.com\/index.php\/wp-json\/"}],"wp:attachment":[{"href":"https:\/\/www.acapulcopress.com\/index.php\/wp-json\/wp\/v2\/media?parent=1251167"}],"wp:term":[{"taxonomy":"category","embeddable":true,"href":"https:\/\/www.acapulcopress.com\/index.php\/wp-json\/wp\/v2\/categories?post=1251167"},{"taxonomy":"post_tag","embeddable":true,"href":"https:\/\/www.acapulcopress.com\/index.php\/wp-json\/wp\/v2\/tags?post=1251167"}],"curies":[{"name":"wp","href":"https:\/\/api.w.org\/{rel}","templated":true}]}}