{"id":1251177,"date":"2023-02-23T21:43:05","date_gmt":"2023-02-24T03:43:05","guid":{"rendered":"https:\/\/www.acapulcopress.com\/?p=1251177"},"modified":"2023-02-23T21:43:05","modified_gmt":"2023-02-24T03:43:05","slug":"invalida-ine-presidencia-ampliada-de-alito","status":"publish","type":"post","link":"https:\/\/www.acapulcopress.com\/index.php\/2023\/02\/23\/invalida-ine-presidencia-ampliada-de-alito\/","title":{"rendered":"Invalida INE presidencia ampliada de &#8216;Alito&#8217;"},"content":{"rendered":"<p style=\"text-align: justify;\">CIUDAD DE M\u00c9XICO * 23 de febrero de 2023.<br \/>\n<em>) <a href=\"https:\/\/laclaveonline.com\/2023\/02\/23\/ine-declara-nula-ampliacion-de-mandato-de-alito-en-la-presidencia-del-pri-hasta-el-2024\/\" target=\"_blank\" rel=\"noopener\">La Clave Online<\/a><\/em><br \/>\nLa Comisi\u00f3n de Prerrogativas y Partidos Pol\u00edticos del <a href=\"https:\/\/www.ine.mx\/\" target=\"_blank\" rel=\"noopener\">Instituto Nacional Electoral<\/a> (INE) rechaz\u00f3 la reforma a los estatutos del <a href=\"https:\/\/pri.org.mx\/ElPartidoDeMexico\/\" target=\"_blank\" rel=\"noopener\">Partido Revolucionario Institucional<\/a> (PRI), en la que su l\u00edder nacional, <a href=\"https:\/\/www.facebook.com\/AlejandroMC\" target=\"_blank\" rel=\"noopener\">Alejandro Moreno C\u00e1rdenas,<\/a> ampli\u00f3 su mandato, pues consider\u00f3 que hubo \u201cirregularidades en el procedimiento para su aprobaci\u00f3n\u201d.<\/p>\n<p style=\"text-align: justify;\">En el acuerdo avalado por la Comisi\u00f3n de Prerrogativas y Partidos Pol\u00edticos y que ser\u00e1 llevado al Consejo General el pr\u00f3ximo lunes, se advierte que el PRI \u201cno acredit\u00f3 la causal de excepci\u00f3n para modificar sus documentos b\u00e1sicos y que esto lo hiciera el Consejo Pol\u00edtico Nacional (CPN) y no la Asamblea Nacional\u201d.<\/p>\n<p style=\"text-align: justify;\">Con tres votos a favor y uno en contra, los consejeros concluyeron que el PRI \u201cno cumpli\u00f3 con las disposiciones estatutarias, espec\u00edficamente aquellas para llevar a cabo la aprobaci\u00f3n de las modificaciones a sus estatutos\u201d.<\/p>\n<p style=\"text-align: justify;\">La impugnaci\u00f3n presentada por los senadores <a href=\"https:\/\/www.facebook.com\/RuizMassieu\" target=\"_blank\" rel=\"noopener\">Claudia Ruiz Massieu<\/a> y <a href=\"https:\/\/www.facebook.com\/RuizMassieu\" target=\"_blank\" rel=\"noopener\">Miguel \u00c1ngel Osorio Chong<\/a> y militantes como el ex gobernador <a href=\"https:\/\/www.facebook.com\/AstudilloFloresHector\" target=\"_blank\" rel=\"noopener\">H\u00e9ctor Astudillo Flores<\/a>, <a href=\"https:\/\/www.facebook.com\/JoseEncarnacionAlfaro\" target=\"_blank\" rel=\"noopener\">Jos\u00e9 Encarnaci\u00f3n Alfaro C\u00e1zares<\/a> y Jos\u00e9 Ram\u00f3n Martell L\u00f3pez, detalla que \u201cno existe debida justificaci\u00f3n para la celebraci\u00f3n del Consejo Pol\u00edtico Nacional\u201d priista donde aprob\u00f3 la ampliaci\u00f3n de mandato de su dirigente nacional.<br \/>\n<em><br \/>\n] Vis\u00edtanos en ) acapulcopress.com y S\u00edguenos en ) facebook.com\/<a href=\"https:\/\/www.facebook.com\/acapulcopress.news\" target=\"_blank\" rel=\"noopener\">acapulcopress.news\u00a0<\/a><\/em><\/p>\n","protected":false},"excerpt":{"rendered":"<p>CIUDAD DE M\u00c9XICO * 23 de febrero de 2023. ) La Clave Online La Comisi\u00f3n de Prerrogativas y Partidos Pol\u00edticos del Instituto Nacional Electoral (INE) rechaz\u00f3 la reforma a los estatutos del Partido Revolucionario Institucional (PRI), en la que su l\u00edder nacional, Alejandro Moreno C\u00e1rdenas, ampli\u00f3 su mandato, pues consider\u00f3 que hubo \u201cirregularidades en el&#8230;<\/p>\n","protected":false},"author":2,"featured_media":1251179,"comment_status":"closed","ping_status":"closed","sticky":false,"template":"","format":"standard","meta":{"footnotes":""},"categories":[1997],"tags":[5847,9705,11012,11113,13103],"class_list":["post-1251177","post","type-post","status-publish","format-standard","has-post-thumbnail","hentry","category-noticias-destacadas","tag-claudia-ruiz-massieu","tag-hector-astudillo-flores","tag-jose-encarnacion-alfaro-cazares","tag-jose-ramon-martell-lopez","tag-miguel-angel-osorio-chong"],"_links":{"self":[{"href":"https:\/\/www.acapulcopress.com\/index.php\/wp-json\/wp\/v2\/posts\/1251177","targetHints":{"allow":["GET"]}}],"collection":[{"href":"https:\/\/www.acapulcopress.com\/index.php\/wp-json\/wp\/v2\/posts"}],"about":[{"href":"https:\/\/www.acapulcopress.com\/index.php\/wp-json\/wp\/v2\/types\/post"}],"author":[{"embeddable":true,"href":"https:\/\/www.acapulcopress.com\/index.php\/wp-json\/wp\/v2\/users\/2"}],"replies":[{"embeddable":true,"href":"https:\/\/www.acapulcopress.com\/index.php\/wp-json\/wp\/v2\/comments?post=1251177"}],"version-history":[{"count":0,"href":"https:\/\/www.acapulcopress.com\/index.php\/wp-json\/wp\/v2\/posts\/1251177\/revisions"}],"wp:featuredmedia":[{"embeddable":true,"href":"https:\/\/www.acapulcopress.com\/index.php\/wp-json\/"}],"wp:attachment":[{"href":"https:\/\/www.acapulcopress.com\/index.php\/wp-json\/wp\/v2\/media?parent=1251177"}],"wp:term":[{"taxonomy":"category","embeddable":true,"href":"https:\/\/www.acapulcopress.com\/index.php\/wp-json\/wp\/v2\/categories?post=1251177"},{"taxonomy":"post_tag","embeddable":true,"href":"https:\/\/www.acapulcopress.com\/index.php\/wp-json\/wp\/v2\/tags?post=1251177"}],"curies":[{"name":"wp","href":"https:\/\/api.w.org\/{rel}","templated":true}]}}